{"id":11236,"date":"2014-09-19T08:17:07","date_gmt":"2014-09-19T06:17:07","guid":{"rendered":"http:\/\/www.mandat.de\/de\/?p=11236"},"modified":"2014-09-19T08:17:07","modified_gmt":"2014-09-19T06:17:07","slug":"weiter-gehts-seeon-zweiter-tag-des-11-internationalen-marken-kolloquiums-startet","status":"publish","type":"post","link":"https:\/\/mandat.de\/de\/weiter-gehts-seeon-zweiter-tag-des-11-internationalen-marken-kolloquiums-startet\/","title":{"rendered":"Weiter geht&#8217;s in Seeon. Zweiter Tag des 11. Internationalen Marken-Kolloquiums startet"},"content":{"rendered":"<p><a href=\"http:\/\/www.mandat.de\/de\/wp-content\/uploads\/IMG_9394.jpg\"><img loading=\"lazy\" class=\"alignleft size-large wp-image-11238\" src=\"http:\/\/www.mandat.de\/de\/wp-content\/uploads\/IMG_9394-1024x768.jpg\" alt=\"IMG_9394\" width=\"450\" height=\"337\" \/><\/a> <a href=\"http:\/\/www.mandat.de\/de\/wp-content\/uploads\/IMG_9392.jpg\"><img loading=\"lazy\" class=\"alignleft size-large wp-image-11239\" src=\"http:\/\/www.mandat.de\/de\/wp-content\/uploads\/IMG_9392-1024x768.jpg\" alt=\"IMG_9392\" width=\"450\" height=\"337\" \/><\/a> <a href=\"http:\/\/www.mandat.de\/de\/wp-content\/uploads\/IMG_9399.jpg\"><img loading=\"lazy\" class=\"alignleft size-large wp-image-11237\" src=\"http:\/\/www.mandat.de\/de\/wp-content\/uploads\/IMG_9399-1024x768.jpg\" alt=\"IMG_9399\" width=\"450\" height=\"337\" \/><\/a>Der erste Tag des 11. Internationalen Marken-Kolloquiums war fulminant. Vortr\u00e4ge von Paolo Dell&#8217;Antonio (J\u00e4germeister), Manfred Brassler (MeisterSinger), Sebastian Diehl (Emmas Enkel) und Markus Lohner (Braukon \/ Camba Bavaria) waren ausgezeichnet. Am Nachmittag dann ein spontan &#8222;live&#8220; organisiertes Wachstumscaf\u00e9 im Klostergarten (Foto kurz vor dem Start), wo alle Teilnehmer sich mit strategischen Fragen aus dem Teilnehmerkreis besch\u00e4ftigten &#8211; mit bemerkenswerten L\u00f6sungen.<\/p>\n<p>Highlight am Abend: Verleihung des 3. Awards des Internationalen Marken-Kolloquiums an Dr. Carl Manner, Vorsitzender des Aufsichtsrates der Josef Manner &amp; Comp. AG, Wien.<\/p>\n<p>Gleich geht es weiter: Er\u00f6ffnen wird Hans-J\u00fcrgen Herr, Weber-Stephen, besser bekannt als &#8222;Weber Grills&#8220;. Ich werde n\u00e4chste Woche hier \u00fcber Highlights und Muster aus den Vortr\u00e4gen schreiben &#8211; sofern nicht &#8222;confidential&#8220;, denn auf dem Internationalen Marken-Kolloquium werden auch vertrauensvoll Dinge diskutiert, die (noch) nicht f\u00fcr die Allgemeinheit bestimmt sind.<\/p>\n<p>\u00a9 2014, <a href=\"http:\/\/www.mandat.de\/de\/menu\/ueberuns\/team\/prof-dr-guido-quelle\/\"> Prof. Dr. Guido Quelle<\/a>, Mandat Managementberatung GmbH, Dortmund, London, New York.***<\/p>\n","protected":false},"excerpt":{"rendered":"<p>Der erste Tag des 11. Internationalen Marken-Kolloquiums war fulminant. Vortr\u00e4ge von Paolo Dell&#8217;Antonio (J\u00e4germeister), Manfred Brassler (MeisterSinger), Sebastian Diehl (Emmas Enkel) und Markus Lohner (Braukon \/ Camba Bavaria) waren ausgezeichnet. Am Nachmittag dann ein spontan &#8222;live&#8220; organisiertes Wachstumscaf\u00e9 im Klostergarten (Foto kurz vor dem Start), wo alle Teilnehmer sich mit strategischen Fragen aus dem Teilnehmerkreis [&hellip;]<\/p>\n","protected":false},"author":3,"featured_media":0,"comment_status":"open","ping_status":"open","sticky":false,"template":"","format":"standard","meta":[],"categories":[35,45],"tags":[366,407,641,959,989,1112,1135,1401,1405,1409,1418,1461,1488,1677,1797,1800,1993,2130,2437,2448,2458,2480,2482,2513,2516],"_links":{"self":[{"href":"https:\/\/mandat.de\/de\/wp-json\/wp\/v2\/posts\/11236"}],"collection":[{"href":"https:\/\/mandat.de\/de\/wp-json\/wp\/v2\/posts"}],"about":[{"href":"https:\/\/mandat.de\/de\/wp-json\/wp\/v2\/types\/post"}],"author":[{"embeddable":true,"href":"https:\/\/mandat.de\/de\/wp-json\/wp\/v2\/users\/3"}],"replies":[{"embeddable":true,"href":"https:\/\/mandat.de\/de\/wp-json\/wp\/v2\/comments?post=11236"}],"version-history":[{"count":0,"href":"https:\/\/mandat.de\/de\/wp-json\/wp\/v2\/posts\/11236\/revisions"}],"wp:attachment":[{"href":"https:\/\/mandat.de\/de\/wp-json\/wp\/v2\/media?parent=11236"}],"wp:term":[{"taxonomy":"category","embeddable":true,"href":"https:\/\/mandat.de\/de\/wp-json\/wp\/v2\/categories?post=11236"},{"taxonomy":"post_tag","embeddable":true,"href":"https:\/\/mandat.de\/de\/wp-json\/wp\/v2\/tags?post=11236"}],"curies":[{"name":"wp","href":"https:\/\/api.w.org\/{rel}","templated":true}]}}