{"id":11675,"date":"2015-01-16T07:00:16","date_gmt":"2015-01-16T06:00:16","guid":{"rendered":"http:\/\/www.mandat.de\/de\/?p=11675"},"modified":"2015-01-16T07:00:16","modified_gmt":"2015-01-16T06:00:16","slug":"selektive-wahrnehmung","status":"publish","type":"post","link":"https:\/\/mandat.de\/de\/selektive-wahrnehmung\/","title":{"rendered":"Selektive Wahrnehmung"},"content":{"rendered":"<p>Sie kennen das Ph\u00e4nomen der selektiven Wahrnehmung vermutlich: Schauen sie nachher, wenn Sie im Auto sitzen einmal, wie viele blaue Autos (alternativ wie viele BMW, Audi, Skodas) Sie sehen. Sie werden feststellen, dass eigentlich nur blaue Autos \u2013 oder was immer Sie sich auf den Wahrnehmungsradar geholt haben \u2013 drau\u00dfen herumfahren. Wenn wir das Prinzip aber kennen und uns seiner Wirkung bewusst sind, warum stellen wir nicht h\u00e4ufiger fest, dass h\u00e4ufiger selektiv wahrnehmen, als wir es uns zugestehen wollen?<\/p>\n<p>Ein Beispiel?<\/p>\n<p>Ein Mitarbeiter liefert zweimal unbefriedigende Leistungen und die F\u00fchrungskraft \u00e4rgert sich dar\u00fcber. Fortan wird der Mitarbeiter M\u00fche haben, auf den Wahrnehmungsradar &#8222;positive Leistungen&#8220; bei der F\u00fchrungskraft zu gelangen. Jener Mitarbeiter liefert noch einmal keine guten Leistungen. Die F\u00fchrungskraft hat die vorhergehenden zwei guten Leistungen nicht wahrgenommen, beginnt jetzt aber zu zweifeln, ob es \u00fcberhaupt der richtige Mitarbeiter ist. Bei der n\u00e4chsten schlechten Leistung, unabh\u00e4ngig von zwei weiteren positiven Leistungen, l\u00e4uft der Mitarbeiter Gefahr, dass das Bild der F\u00fchrungskraft sich festigt und der Mitarbeiter tun kann, was er will: Er wird \u00fcber kurz oder lang gefeuert.<\/p>\n<p>(Das Ganze funktioniert \u00fcbrigens auch mit guten Mitarbeitern, die sich ein paar B\u00f6cke schie\u00dfen: Es wird oft \u00fcbersehen.) Sie kennen weitere Beispiele: Kunden, die objektiv falsch eingesch\u00e4tzt werden, Situationen, die sich scheinbar laufend wiederholen, usw. \u00dcberlegen Sie das n\u00e4chste Mal in einer Situation, ob Sie wenigstens einigerma\u00dfen objektiv wahrnehmen, oder ob Sie Ihren Selektionsradar eingeschaltet haben. Es lohnt sich &#8211; insbesondere bei strategischen Entscheidungen.<\/p>\n<p>&#8212;<\/p>\n<p>G\u00f6nnen Sie sich jede Woche Wachstum: <a href=\"http:\/\/www.mandat.de\/de\/menu\/produkte\/mandat-wachstums-serie\/\"><strong>\u201eFive Minutes for Growth\u201c \u2013 Die Mandat Wachstums-Videoserie, Staffel 1<\/strong><\/a> \u2013Jeden Dienstag w\u00f6chentlich ein etwa 5-min\u00fctiges Video zu pers\u00f6nlichem und unternehmerischen Wachstum. Sie k\u00f6nnen jederzeit zusteigen und erhalten trotzdem alle Episoden der laufenden Staffel, denn die Links zu allen Episoden werden bereitgestellt. Zur Information und Registrierung klicken Sie <a href=\"http:\/\/www.mandat.de\/de\/shop\/Mandat-Video-Serie\/\">hier<\/a>. Die kostenfreie <a href=\"https:\/\/www.youtube.com\/watch?v=vwMxt0nV-8U&amp;list=UUU9Cl224D8gexHG8m492U9Q\">Episoden \u201e0\u201c, \u201e0,5\u201c und \u201e0,75\u201c gibt es hier zu sehen.<\/a> <\/p>\n<p>\u00a9 2015, <a href=\"http:\/\/www.mandat.de\/de\/menu\/ueberuns\/team\/prof-dr-guido-quelle\/\"> Prof. Dr. Guido Quelle<\/a>, Mandat Managementberatung GmbH, Dortmund, London, New York.<\/p>\n","protected":false},"excerpt":{"rendered":"<p>Sie kennen das Ph\u00e4nomen der selektiven Wahrnehmung vermutlich: Schauen sie nachher, wenn Sie im Auto sitzen einmal, wie viele blaue Autos (alternativ wie viele BMW, Audi, Skodas) Sie sehen. Sie werden feststellen, dass eigentlich nur blaue Autos \u2013 oder was immer Sie sich auf den Wahrnehmungsradar geholt haben \u2013 drau\u00dfen herumfahren. Wenn wir das Prinzip [&hellip;]<\/p>\n","protected":false},"author":3,"featured_media":0,"comment_status":"open","ping_status":"open","sticky":false,"template":"","format":"standard","meta":[],"categories":[54],"tags":[959,1401,1405,1409,1707,1797,1800,2017,2130,2315,2437,2448,2459,2480,2482,2496],"_links":{"self":[{"href":"https:\/\/mandat.de\/de\/wp-json\/wp\/v2\/posts\/11675"}],"collection":[{"href":"https:\/\/mandat.de\/de\/wp-json\/wp\/v2\/posts"}],"about":[{"href":"https:\/\/mandat.de\/de\/wp-json\/wp\/v2\/types\/post"}],"author":[{"embeddable":true,"href":"https:\/\/mandat.de\/de\/wp-json\/wp\/v2\/users\/3"}],"replies":[{"embeddable":true,"href":"https:\/\/mandat.de\/de\/wp-json\/wp\/v2\/comments?post=11675"}],"version-history":[{"count":0,"href":"https:\/\/mandat.de\/de\/wp-json\/wp\/v2\/posts\/11675\/revisions"}],"wp:attachment":[{"href":"https:\/\/mandat.de\/de\/wp-json\/wp\/v2\/media?parent=11675"}],"wp:term":[{"taxonomy":"category","embeddable":true,"href":"https:\/\/mandat.de\/de\/wp-json\/wp\/v2\/categories?post=11675"},{"taxonomy":"post_tag","embeddable":true,"href":"https:\/\/mandat.de\/de\/wp-json\/wp\/v2\/tags?post=11675"}],"curies":[{"name":"wp","href":"https:\/\/api.w.org\/{rel}","templated":true}]}}