{"id":12193,"date":"2015-02-16T07:00:42","date_gmt":"2015-02-16T06:00:42","guid":{"rendered":"http:\/\/www.mandat.de\/de\/?p=12193"},"modified":"2015-02-16T07:00:42","modified_gmt":"2015-02-16T06:00:42","slug":"mandat-wachstums-wochenstart-nr-147-wenn-der-schwanz-mit-dem-hund-wedelt","status":"publish","type":"post","link":"https:\/\/mandat.de\/de\/mandat-wachstums-wochenstart-nr-147-wenn-der-schwanz-mit-dem-hund-wedelt\/","title":{"rendered":"Mandat Wachstums-Wochenstart Nr. 147: Wenn der Schwanz mit dem Hund wedelt"},"content":{"rendered":"<p><a href=\"http:\/\/www.mandat.de\/de\/wp-content\/uploads\/1485d304a44679dcb01ed7a7286be4998f4029ac.jpeg\"><img loading=\"lazy\" class=\"alignleft size-full wp-image-10476\" src=\"http:\/\/www.mandat.de\/de\/wp-content\/uploads\/1485d304a44679dcb01ed7a7286be4998f4029ac.jpeg\" alt=\"Mandat Wachstums-Wochenstart\" width=\"644\" height=\"291\" \/><\/a>Okay, heute ist ein Tag f\u00fcr politisch Unkorrektes: Nicht alles muss im Unternehmen in aller Breite besprochen werden, nicht jeder darf \u00fcber alles entscheiden, F\u00fchrungskr\u00e4fte m\u00fcssen ihrer F\u00fchrungspflicht gerecht werden und wenn die Unternehmensf\u00fchrung ignoriert, dass sie auch f\u00fcr das Entscheiden unter Unsicherheit, auch ohne den Rat von Mitarbeitern einzuziehen, bezahlt wird, ist sie auszutauschen.<\/p>\n<p>Warum ich meine, dass das politisch unkorrekt ist? Weil ich beobachte, dass immer \u00f6fter versucht wird, immer mehr Entscheidungen in Unternehmen im Konsens zu treffen, um nur niemanden zu \u00fcbergehen und um \u2013\u00a0vermeintliches \u2013\u00a0\u201ebuy in\u201c zu gew\u00e4hrleisten. Das ist allzu oft ein gef\u00e4hrliches Deckm\u00e4ntelchen. Nat\u00fcrlich ist es wichtig, sich ein Meinungsbild zu verschaffen und nat\u00fcrlich ergibt es Sinn, nicht alles allein zu entscheiden. Ich habe aber zu h\u00e4ufig erlebt, dass selbst CEOs, welche eigentlich den richtigen \u201eRiecher\u201c hatten, sich von einem unternehmenswichtigen Vorhaben abbringen und es sich haben weichreden lassen. Warum? Weil es unbequem war, weil es Arbeit und vor allem weil es massive Ver\u00e4nderung mit sich gebracht h\u00e4tte.<\/p>\n<p>Achten Sie darauf, dass Sie den schmalen Grat zwischen Anh\u00f6ren und dem erforderlichen, m\u00f6glicherweise dramatische \u00c4nderungen mit sich bringenden Handeln gehen. Lieber eine falsche Entscheidung, als eine verz\u00f6gerte oder gar keine. Frage einen Friseur, was er von einem Haarschnitt h\u00e4lt, den Sie selbst machen k\u00f6nnen. Na?<\/p>\n<p>&#8212;<\/p>\n<p>PS: Ein Nachsatz zu einem berechtigten Einwand auf den Wachstums-Wochenstart der vergangenen Woche <a href=\"http:\/\/www.mandat.de\/de\/mandat-wachstums-wochenstart-nr-146-souveraenitaet\/comment-page-1\/#comment-95494\">ist hier zu lesen<\/a>.<\/p>\n<p>&#8212;<\/p>\n<p>Sind Sie schon dabei? Jede Woche ein Wachstumsimpuls per Video: <a href=\"http:\/\/www.mandat.de\/de\/menu\/produkte\/mandat-wachstums-serie\/\"><strong>\u201eFive Minutes for Growth\u201c \u2013 Die Mandat Wachstums-Videoserie, Staffel 1<\/strong><\/a> \u2013 Jeden Dienstag erhalten Sie ein etwa 5-min\u00fctiges Video zu pers\u00f6nlichem und unternehmerischen Wachstum. Sie erhalten alle Episoden der seit Januar 2015 laufenden Staffel, nichts geht Ihnen verloren. <a href=\"http:\/\/www.mandat.de\/de\/shop\/Mandat-Video-Serie\/\">Zur Information und Registrierung<\/a>. F\u00fcnf kostenfreie <a href=\"https:\/\/www.youtube.com\/watch?v=vwMxt0nV-8U&amp;list=UUU9Cl224D8gexHG8m492U9Q\">Episoden gibt es hier zu sehen.<\/a><\/p>\n<p>\u00a9 2015, <a href=\"http:\/\/www.mandat.de\/de\/menu\/ueberuns\/team\/prof-dr-guido-quelle\/\"> Prof. Dr. Guido Quelle<\/a>, Mandat Managementberatung GmbH, Dortmund, London, New York.<br \/>\n\u00a9 Sprinter: mezzotint_fotolia &#8211; <a href=\"http:\/\/de.fotolia.com\/\">Fotolia.com<\/a><\/p>\n","protected":false},"excerpt":{"rendered":"<p>Okay, heute ist ein Tag f\u00fcr politisch Unkorrektes: Nicht alles muss im Unternehmen in aller Breite besprochen werden, nicht jeder darf \u00fcber alles entscheiden, F\u00fchrungskr\u00e4fte m\u00fcssen ihrer F\u00fchrungspflicht gerecht werden und wenn die Unternehmensf\u00fchrung ignoriert, dass sie auch f\u00fcr das Entscheiden unter Unsicherheit, auch ohne den Rat von Mitarbeitern einzuziehen, bezahlt wird, ist sie auszutauschen. [&hellip;]<\/p>\n","protected":false},"author":3,"featured_media":0,"comment_status":"open","ping_status":"open","sticky":false,"template":"","format":"standard","meta":[],"categories":[58,62],"tags":[832,959,1401,1405,1409,1707,1797,1800,2130,2315,2437,2448,2459,2480,2482],"_links":{"self":[{"href":"https:\/\/mandat.de\/de\/wp-json\/wp\/v2\/posts\/12193"}],"collection":[{"href":"https:\/\/mandat.de\/de\/wp-json\/wp\/v2\/posts"}],"about":[{"href":"https:\/\/mandat.de\/de\/wp-json\/wp\/v2\/types\/post"}],"author":[{"embeddable":true,"href":"https:\/\/mandat.de\/de\/wp-json\/wp\/v2\/users\/3"}],"replies":[{"embeddable":true,"href":"https:\/\/mandat.de\/de\/wp-json\/wp\/v2\/comments?post=12193"}],"version-history":[{"count":0,"href":"https:\/\/mandat.de\/de\/wp-json\/wp\/v2\/posts\/12193\/revisions"}],"wp:attachment":[{"href":"https:\/\/mandat.de\/de\/wp-json\/wp\/v2\/media?parent=12193"}],"wp:term":[{"taxonomy":"category","embeddable":true,"href":"https:\/\/mandat.de\/de\/wp-json\/wp\/v2\/categories?post=12193"},{"taxonomy":"post_tag","embeddable":true,"href":"https:\/\/mandat.de\/de\/wp-json\/wp\/v2\/tags?post=12193"}],"curies":[{"name":"wp","href":"https:\/\/api.w.org\/{rel}","templated":true}]}}