{"id":12387,"date":"2015-04-27T07:00:50","date_gmt":"2015-04-27T05:00:50","guid":{"rendered":"http:\/\/www.mandat.de\/de\/?p=12387"},"modified":"2015-04-27T07:00:50","modified_gmt":"2015-04-27T05:00:50","slug":"wachstums-wochenstart-nr-157-warum","status":"publish","type":"post","link":"https:\/\/mandat.de\/de\/wachstums-wochenstart-nr-157-warum\/","title":{"rendered":"Mandat Wachstums-Wochenstart Nr. 157: &#8222;Warum?&#8220;"},"content":{"rendered":"<p><a href=\"http:\/\/www.mandat.de\/de\/wp-content\/uploads\/1485d304a44679dcb01ed7a7286be4998f4029ac.jpeg\"><img loading=\"lazy\" class=\"alignleft size-full wp-image-10476\" src=\"http:\/\/www.mandat.de\/de\/wp-content\/uploads\/1485d304a44679dcb01ed7a7286be4998f4029ac.jpeg\" alt=\"Mandat Wachstums-Wochenstart\" width=\"644\" height=\"291\" \/><\/a>Kinder fragen dauernd &#8222;Warum?&#8220;. Eltern sind davon mit fortschreitender Zeit zunehmend genervt und dann m\u00fcssen sich Kinder so doofe Spr\u00fcche anh\u00f6ren, wie &#8222;Warum, warum ist die Banane krumm?&#8220; \u2013 haben Sie das auch erlebt? Willkommen im Club.<\/p>\n<p>Was ist die Folge? &#8222;Warum&#8220; wird sp\u00e4ter als Aufforderung missverstanden, sich rechtfertigen zu m\u00fcssen (wobei es manchmal auch so gemeint ist, zugegeben), &#8222;Warum&#8220; wird vermieden. Aber: Die &#8222;Warum&#8220;-Frage kann gar nicht oft genug gestellt werden. Sie ist die wichtigste Frage, wenn es darum geht, eine neue Initiative zu starten, sie ist die wichtigste Frage, wenn es darum geht, zu hinterfragen, ob es Sinn ergibt, etwas, das man schon immer tut, weiter zu tun und sie ist die wichtigste Frage, um eigene Motive des Handelns herauszufinden.<\/p>\n<p>Wenn wir mit unseren Klienten Wachstumsprojekte planen, stellen wir \u2013 sofort nachdem wir die Ausgangssituation verstanden haben \u2013 die &#8222;Warum&#8220;-Frage. Was ist der Zweck, was ist der Grund, warum wollen wir das tun, was wir im Begriff sind, zu planen? Gibt es keine gute Antwort auf die Frage nach dem &#8222;Warum&#8220;, macht ein neues Projekte keinen Sinn, macht eine neue Initiative keinen Sinn, man sollte sich einfach auf etwas Sinnvolleres konzentrieren.<\/p>\n<p>&#8222;Warum&#8220; wird nicht zu h\u00e4ufig, sondern viel zu selten gefragt. Schauen Sie einmal darauf, wie Ihr Unternehmen arbeitet. Warum werden bestimmte Routinen immer noch verfolgt? Warum arbeitet man auf eine gewisse Weise und nicht anders? Warum hat sich der Kundenstamm seit einem Jahr nur unwesentlich ver\u00e4ndert? Ja, nat\u00fcrlich kann die Frage nervig sein, aber sie bringt vor allem Bewegung und wenn die richtigen Antworten kommen, auch Wachstum. Wachstum entsteht n\u00e4mlich nicht durch Gen\u00fcgsamkeit, sondern durch gezieltes, begr\u00fcndetes Ver\u00e4ndern.<\/p>\n<p>Auf eine gute Woche!<\/p>\n<p>&#8212;<br \/>\n\u00c0 propos &#8222;gute Woche&#8220;: Jede Woche ein Wachstumsimpuls per Video: <a href=\"http:\/\/www.mandat.de\/de\/menu\/produkte\/mandat-wachstums-serie\/\"><strong>\u201eFive Minutes for Growth\u201c \u2013 Die Mandat Wachstums-Videoserie, Staffel 1<\/strong><\/a> \u2013 Jeden Dienstag erhalten Sie ein etwa 5-min\u00fctiges Video zu pers\u00f6nlichem und unternehmerischen Wachstum. Sie erhalten alle Episoden der seit Januar 2015 laufenden Staffel, nichts geht Ihnen verloren. <a href=\"http:\/\/www.mandat.de\/de\/shop\/Mandat-Video-Serie\/\">Zur Information und Registrierung<\/a>. F\u00fcnf kostenfreie <a href=\"https:\/\/www.youtube.com\/watch?v=vwMxt0nV-8U&amp;list=UUU9Cl224D8gexHG8m492U9Q\">Episoden gibt es hier zu sehen.<\/a><\/p>\n<p>\u00a9 2015, <a href=\"http:\/\/www.mandat.de\/de\/menu\/ueberuns\/team\/prof-dr-guido-quelle\/\"> Prof. Dr. Guido Quelle<\/a>, Mandat Managementberatung GmbH, Dortmund, London, New York.<br \/>\n\u00a9 Sprinter: mezzotint_fotolia &#8211; <a href=\"http:\/\/de.fotolia.com\/\">Fotolia.com<\/a><\/p>\n","protected":false},"excerpt":{"rendered":"<p>Kinder fragen dauernd &#8222;Warum?&#8220;. Eltern sind davon mit fortschreitender Zeit zunehmend genervt und dann m\u00fcssen sich Kinder so doofe Spr\u00fcche anh\u00f6ren, wie &#8222;Warum, warum ist die Banane krumm?&#8220; \u2013 haben Sie das auch erlebt? Willkommen im Club. Was ist die Folge? &#8222;Warum&#8220; wird sp\u00e4ter als Aufforderung missverstanden, sich rechtfertigen zu m\u00fcssen (wobei es manchmal auch [&hellip;]<\/p>\n","protected":false},"author":3,"featured_media":0,"comment_status":"open","ping_status":"open","sticky":false,"template":"","format":"standard","meta":[],"categories":[52,62],"tags":[954,959,980,1401,1405,1409,1555,1558,1707,1797,1800,1810,1817,2044,2130,2315,2335,2437,2448,2459,2474,2480,2482,2508,2641],"_links":{"self":[{"href":"https:\/\/mandat.de\/de\/wp-json\/wp\/v2\/posts\/12387"}],"collection":[{"href":"https:\/\/mandat.de\/de\/wp-json\/wp\/v2\/posts"}],"about":[{"href":"https:\/\/mandat.de\/de\/wp-json\/wp\/v2\/types\/post"}],"author":[{"embeddable":true,"href":"https:\/\/mandat.de\/de\/wp-json\/wp\/v2\/users\/3"}],"replies":[{"embeddable":true,"href":"https:\/\/mandat.de\/de\/wp-json\/wp\/v2\/comments?post=12387"}],"version-history":[{"count":0,"href":"https:\/\/mandat.de\/de\/wp-json\/wp\/v2\/posts\/12387\/revisions"}],"wp:attachment":[{"href":"https:\/\/mandat.de\/de\/wp-json\/wp\/v2\/media?parent=12387"}],"wp:term":[{"taxonomy":"category","embeddable":true,"href":"https:\/\/mandat.de\/de\/wp-json\/wp\/v2\/categories?post=12387"},{"taxonomy":"post_tag","embeddable":true,"href":"https:\/\/mandat.de\/de\/wp-json\/wp\/v2\/tags?post=12387"}],"curies":[{"name":"wp","href":"https:\/\/api.w.org\/{rel}","templated":true}]}}