{"id":12799,"date":"2015-06-25T07:00:25","date_gmt":"2015-06-25T05:00:25","guid":{"rendered":"http:\/\/www.mandat.de\/de\/?p=12799"},"modified":"2015-06-25T07:00:25","modified_gmt":"2015-06-25T05:00:25","slug":"sound-perfektionierer-sennheiser-ueber-tradition-und-innovation-12-internationales-marken-kolloquium-2015-nicht-verpassen","status":"publish","type":"post","link":"https:\/\/mandat.de\/de\/sound-perfektionierer-sennheiser-ueber-tradition-und-innovation-12-internationales-marken-kolloquium-2015-nicht-verpassen\/","title":{"rendered":"Sound-Perfektionierer Sennheiser \u00fcber Tradition und Innovation: 12. Internationales Marken-Kolloquium 2015 nicht verpassen"},"content":{"rendered":"<p>Bald ist es soweit: Das 12. Internationale Marken-Kolloquium \u00f6ffnet am 3.\/4. September 2015 seine Tore, um wieder Unternehmer, Gesch\u00e4ftsf\u00fchrer, Vorst\u00e4nde und Senior-F\u00fchrungskr\u00e4fte aus D\/A\/CH im Kloster Seeon zusammenzuf\u00fchren. Ich m\u00f6chte die n\u00e4chsten Wochen nutzen, um Ihnen unser Top-Referentenfeld vorzustellen.<\/p>\n<p><strong>Heute: Daniel Sennheiser<br \/>\nGesch\u00e4ftsf\u00fchrender Gesellschafter Sennheiser electronic GmbH &amp; Co. KG<\/strong><\/p>\n<p><a href=\"http:\/\/www.mandat.de\/de\/wp-content\/uploads\/Daniel-Sennheiser-quadratisch-Rand.jpg\"><img loading=\"lazy\" class=\"  wp-image-12843 alignnone\" src=\"http:\/\/www.mandat.de\/de\/wp-content\/uploads\/Daniel-Sennheiser-quadratisch-Rand-300x300.jpg\" alt=\"Daniel Sennheiser quadratisch Rand\" width=\"240\" height=\"240\" \/><\/a><\/p>\n<p>Daniel Sennheiser, Enkel des Firmengr\u00fcnders Fritz Sennheiser, ist seit 2008 im Unternehmen und seit Juli 2013 zusammen mit seinem Bruder Dr. Andreas Sennheiser gesch\u00e4ftsf\u00fchrender Gesellschafter der Sennheiser electronic GmbH &amp; Co. KG. Die Br\u00fcder Sennheiser sind in der dritten Generation an der Spitze des Unternehmens. Seit fast 70 Jahren steht Sennheiser f\u00fcr Qualit\u00e4tsprodukte, echten Klang und ma\u00dfgeschneiderte L\u00f6sungen, wenn es um Aufnahme, \u00dcbertragung und Klangwiedergabe geht. 1968 brachte Sennheiser den ersten offenen Kopfh\u00f6rer der Welt auf den Markt. Es folgen zwei Innovationspreise der deutschen Wirtschaft, der Scientific and Engineering Award, Emmy und Grammy. Die konsequente Weiterentwicklung der Technologien ist der Schl\u00fcssel zum Ausbau der starken Marktposition von Sennheiser. Wie Daniel Sennheiser das Traditionsunternehmen aus Wedemark mit seinem Bruder fit f\u00fcr die Zukunft und f\u00fcr die n\u00e4chste Generation machen wird, erfahren Sie auf dem 12. Internationalen Marken-Kolloquium in seinem Vortrag:<\/p>\n<p>\u201eThe Pursuit of Perfect Sound\u201c<br \/>\nNoch sind wenige freie Pl\u00e4tze verf\u00fcgbar \u2013 und das ist, ganz zu unserer Freude, keine Werbefloskel, sondern tats\u00e4chlich der Fall. Wenn Sie also ebenso beim 12. Internationalen Marken-Kolloquium am 3.\/4. September 2015 im Kloster Seeon dabei sein m\u00f6chten, melden Sie sich jetzt an. Es ist eine der hochwertigsten Veranstaltungen f\u00fcr Strategie, Marke und Wachstum im deutschsprachigen Raum, die Sie wirklich nicht verpassen sollten.<\/p>\n<ul>\n<li>Rufen Sie uns an: +49 231 9742390,<\/li>\n<li>senden Sie ein E-Mail an <a href=\"mailto:kerstin.scupin@markenkolloquium.de\">Kerstin Scupin<\/a><\/li>\n<li>oder sichern sich Ihren Platz direkt in unserem <a href=\"http:\/\/www.mandat.de\/de\/shop\/Internationales-Marken-Kolloquium\/\">e-Shop.<\/a><\/li>\n<\/ul>\n<p>Das komplette Programm und alle weiteren Highlights k\u00f6nnen Sie hier auf der <a href=\"http:\/\/www.mandat.de\/imk\/\">Website des Internationalen Marken-Kolloquiums<\/a> einsehen.<\/p>\n<p>Ich freue mich, Sie in Seeon zu begr\u00fc\u00dfen!<\/p>\n<p>&#8212;<\/p>\n<p>\u00a9 2015, <a href=\"http:\/\/www.mandat.de\/de\/menu\/ueberuns\/team\/prof-dr-guido-quelle\/\"> Prof. Dr. Guido Quelle<\/a>, Mandat Managementberatung GmbH, Dortmund, London, New York.<\/p>\n","protected":false},"excerpt":{"rendered":"<p>Bald ist es soweit: Das 12. Internationale Marken-Kolloquium \u00f6ffnet am 3.\/4. September 2015 seine Tore, um wieder Unternehmer, Gesch\u00e4ftsf\u00fchrer, Vorst\u00e4nde und Senior-F\u00fchrungskr\u00e4fte aus D\/A\/CH im Kloster Seeon zusammenzuf\u00fchren. Ich m\u00f6chte die n\u00e4chsten Wochen nutzen, um Ihnen unser Top-Referentenfeld vorzustellen. Heute: Daniel Sennheiser Gesch\u00e4ftsf\u00fchrender Gesellschafter Sennheiser electronic GmbH &amp; Co. KG Daniel Sennheiser, Enkel des Firmengr\u00fcnders [&hellip;]<\/p>\n","protected":false},"author":3,"featured_media":0,"comment_status":"open","ping_status":"open","sticky":false,"template":"","format":"standard","meta":[],"categories":[45],"tags":[480,959,1112,1216,1401,1405,1409,1425,1432,1707,1797,1800,2025,2061,2130,2315,2437,2448,2459,2480,2482],"_links":{"self":[{"href":"https:\/\/mandat.de\/de\/wp-json\/wp\/v2\/posts\/12799"}],"collection":[{"href":"https:\/\/mandat.de\/de\/wp-json\/wp\/v2\/posts"}],"about":[{"href":"https:\/\/mandat.de\/de\/wp-json\/wp\/v2\/types\/post"}],"author":[{"embeddable":true,"href":"https:\/\/mandat.de\/de\/wp-json\/wp\/v2\/users\/3"}],"replies":[{"embeddable":true,"href":"https:\/\/mandat.de\/de\/wp-json\/wp\/v2\/comments?post=12799"}],"version-history":[{"count":0,"href":"https:\/\/mandat.de\/de\/wp-json\/wp\/v2\/posts\/12799\/revisions"}],"wp:attachment":[{"href":"https:\/\/mandat.de\/de\/wp-json\/wp\/v2\/media?parent=12799"}],"wp:term":[{"taxonomy":"category","embeddable":true,"href":"https:\/\/mandat.de\/de\/wp-json\/wp\/v2\/categories?post=12799"},{"taxonomy":"post_tag","embeddable":true,"href":"https:\/\/mandat.de\/de\/wp-json\/wp\/v2\/tags?post=12799"}],"curies":[{"name":"wp","href":"https:\/\/api.w.org\/{rel}","templated":true}]}}