{"id":13578,"date":"2015-10-26T07:00:39","date_gmt":"2015-10-26T06:00:39","guid":{"rendered":"http:\/\/www.mandat.de\/de\/?p=13578"},"modified":"2015-10-26T07:00:39","modified_gmt":"2015-10-26T06:00:39","slug":"mandat-wachstums-wochenstart-nr-183-keine-zeit","status":"publish","type":"post","link":"https:\/\/mandat.de\/de\/mandat-wachstums-wochenstart-nr-183-keine-zeit\/","title":{"rendered":"Mandat Wachstums-Wochenstart Nr. 183: Keine Zeit"},"content":{"rendered":"<p><a href=\"http:\/\/www.mandat.de\/de\/wp-content\/uploads\/1485d304a44679dcb01ed7a7286be4998f4029ac.jpeg\"><img loading=\"lazy\" class=\"alignleft size-full wp-image-10476\" src=\"http:\/\/www.mandat.de\/de\/wp-content\/uploads\/1485d304a44679dcb01ed7a7286be4998f4029ac.jpeg\" alt=\"Mandat Wachstums-Wochenstart\" width=\"644\" height=\"291\" \/><\/a>Vor kurzem hat irgendeine (wohl windige) Personalberatung auf LinkedIn folgendes gepostet: &#8222;Name a country without an &#8218;A,&#8216; bet you can&#8217;t.&#8220; Ich sch\u00fcttelte den Kopf, las nochmal und die meinten das ernst. Hallo? Belgium, Luxembourg, Sweden, Peru, Mexico, sollen wir fortsetzen? Wahrscheinlich wollten die nur Traffic generieren. Das, was mich aber wirklich fasziniert hat, war, dass zu dem Zeitpunkt, als ich das las, bereits knapp 13.000 Kommentare (nicht Likes, echte Kommentare!) verfasst worden waren. Wahnsinn, oder? Manche schrieben eines oder mehrere L\u00e4nder ohne &#8222;A&#8220; auf, manche meinten, das w\u00e4re eine denkbar idiotische Aufgabe, die schon gar nicht auf LinkedIn als Business-Netzwerk geh\u00f6rte, und so weiter. Dreizehntausend! Unfassbar.<\/p>\n<p>Auf LinkedIn bekommt man eine Nachricht, wenn jemand einen Post, den man auch kommentiert hat, wiederum kommentiert hat. Der Erste wird sich bedanken \u00fcber die 13.000 Nachrichten.<\/p>\n<p>Und jetzt zum Kernthema, denn dies hier geh\u00f6rt zu den meist genutzten Floskeln seit Jahren: &#8222;Ich habe keine Zeit.&#8220; Falsch. Nat\u00fcrlich haben wir Zeit \u2013 und zwar alle gleich viel pro Tag: 24 Stunden. Die Frage ist, gem\u00e4\u00df welcher Priorit\u00e4ten setzen wir diese Zeit ein? Um unser Gesch\u00e4ft voranzubringen, in uns zu investieren und uns gezielt weiterzuenwickeln, etwas mit unserer Familie und unseren Freunden zu unternehmen, unsere Hobbies weiter zu verfolgen, oder um auf LinkedIn, Facebook, sonstwo irgendwelchem Schwachsinn zu folgen, L\u00e4nder ohne A zu suchen und danach zigtausend Nachrichten zu bekommen?<\/p>\n<p>Sie entscheiden. Aber sagen Sie nicht, Sie h\u00e4tten &#8222;keine Zeit&#8220;.<br \/>\n&#8212;<br \/>\nF\u00fcnf Minuten pro Woche, bestens investiert: Nach der hoch erfolgreichen ersten Staffel drehen wir Staffel 2 \u2013 Jede Woche ein Wachstumsimpuls per Video: <a href=\"http:\/\/www.mandat.de\/de\/shop\/Mandat-Wachstums-Videoserie\/Mandat-Wachstums-Videoserie-Staffel-2-2016.html\"><strong>\u201eFive Minutes for Growth\u201c \u2013 Die Mandat Wachstums-Videoserie, Staffel 2, ab Januar 2016. Jetzt anmelden!<\/strong><\/a><\/p>\n<p>Mein neues Buch <a href=\"http:\/\/www.wachstumsintelligenz.de\"><strong>\u201eWachstumsintelligenz \u2013 So gelingt Wachstum im Mittelstand\u201c<\/strong><\/a> ist jetzt <a href=\"http:\/\/www.amazon.de\/Wachstumsintelligenz-So-gelingt-Wachstum-Mittelstand\/dp\/3738631801\/\">auch bei amazon <\/a>erh\u00e4ltlich.<\/p>\n<p>Die Registrierungen f\u00fcr das 13. Internationale Marken-Kolloquium laufen auf Hochtouren, \u00fcber ein Drittel der verf\u00fcgbaren Pl\u00e4tze ist bereits vergeben. M\u00f6chten Sie dabei sein? <a href=\"http:\/\/www.internationales-marken-kolloquium.de\"><strong>13. Internationales Marken-Kolloquium im Kloster Seeon am 15. und 16. September 2016.<\/strong><\/a> Sichern Sie sich bereits heute einen der streng limitierten Pl\u00e4tze f\u00fcr 2016. <strong><a href=\"http:\/\/www.mandat.de\/de\/shop\/internationales-marken-kolloquium\/teilnahme-am-13-internationalen-marken-kolloquium.html\"> Sonderkonditionen noch bis 31.12.2015<\/a><\/strong><\/p>\n<p>\u00a9 2015, <a href=\"http:\/\/www.mandat.de\/de\/menu\/ueberuns\/team\/prof-dr-guido-quelle\/\"> Prof. Dr. Guido Quelle<\/a>, Mandat Managementberatung GmbH, Dortmund, London, New York.<br \/>\n\u00a9 Sprinter: mezzotint_fotolia &#8211; <a href=\"http:\/\/de.fotolia.com\/\">Fotolia.com<\/a><\/p>\n<p>&nbsp;<\/p>\n","protected":false},"excerpt":{"rendered":"<p>Vor kurzem hat irgendeine (wohl windige) Personalberatung auf LinkedIn folgendes gepostet: &#8222;Name a country without an &#8218;A,&#8216; bet you can&#8217;t.&#8220; Ich sch\u00fcttelte den Kopf, las nochmal und die meinten das ernst. Hallo? Belgium, Luxembourg, Sweden, Peru, Mexico, sollen wir fortsetzen? Wahrscheinlich wollten die nur Traffic generieren. Das, was mich aber wirklich fasziniert hat, war, dass [&hellip;]<\/p>\n","protected":false},"author":3,"featured_media":0,"comment_status":"open","ping_status":"open","sticky":false,"template":"","format":"standard","meta":[],"categories":[54],"tags":[715,959,1362,1401,1405,1409,1707,1797,1800,2007,2130,2315,2437,2448,2459,2480,2482,2610],"_links":{"self":[{"href":"https:\/\/mandat.de\/de\/wp-json\/wp\/v2\/posts\/13578"}],"collection":[{"href":"https:\/\/mandat.de\/de\/wp-json\/wp\/v2\/posts"}],"about":[{"href":"https:\/\/mandat.de\/de\/wp-json\/wp\/v2\/types\/post"}],"author":[{"embeddable":true,"href":"https:\/\/mandat.de\/de\/wp-json\/wp\/v2\/users\/3"}],"replies":[{"embeddable":true,"href":"https:\/\/mandat.de\/de\/wp-json\/wp\/v2\/comments?post=13578"}],"version-history":[{"count":0,"href":"https:\/\/mandat.de\/de\/wp-json\/wp\/v2\/posts\/13578\/revisions"}],"wp:attachment":[{"href":"https:\/\/mandat.de\/de\/wp-json\/wp\/v2\/media?parent=13578"}],"wp:term":[{"taxonomy":"category","embeddable":true,"href":"https:\/\/mandat.de\/de\/wp-json\/wp\/v2\/categories?post=13578"},{"taxonomy":"post_tag","embeddable":true,"href":"https:\/\/mandat.de\/de\/wp-json\/wp\/v2\/tags?post=13578"}],"curies":[{"name":"wp","href":"https:\/\/api.w.org\/{rel}","templated":true}]}}