{"id":13812,"date":"2015-12-10T11:47:25","date_gmt":"2015-12-10T10:47:25","guid":{"rendered":"http:\/\/www.mandat.de\/de\/?p=13812"},"modified":"2015-12-10T11:47:25","modified_gmt":"2015-12-10T10:47:25","slug":"bdu-thinktank-quelle-on-air","status":"publish","type":"post","link":"https:\/\/mandat.de\/de\/bdu-thinktank-quelle-on-air\/","title":{"rendered":"Guido Quelle im Radio-Interview: BDU-ThinkTank \u2013 Zukunft der Modewirtschaft"},"content":{"rendered":"<p>Warum gute Produkte nicht mehr reichen: Die hiesige Modeindustrie ist mit etwa 31 Milliarden Euro j\u00e4hrlichem Umsatz, 1.400 Unternehmen und mehr als 130.000 Besch\u00e4ftigten eine wichtige Branche in Deutschland. Ihre Zukunft ist allerdings ungewiss: Etablierte Labels gehen aufgrund stetig zur\u00fcckgehender Ums\u00e4tze in die Insolvenz, Warenh\u00e4user stehen unter Dauerdruck. Diese Entwicklungen haben vielf\u00e4ltige Ursachen: &#8230; <a href=\"http:\/\/www.mandat.de\/de\/wp-content\/uploads\/thinktank-modewirtschaft.pdf\">Lesen Sie hier kostenfrei weiter und erfahren Sie, welches die wesentlichen Stellschrauben f\u00fcr die richtige Positionierung in diesem Wettbewerbsumfeld sind.<\/a> Mit herzlichem Dank an den Bundesverband Deutscher Unternehmensberater BDU e.V. f\u00fcr die \u00dcberlassung des PDFs dieses Positionspapieres.<\/p>\n<h3>Prof. Dr. Guido Quelle im Radio-Interview<br \/>\n\u2013 Warum der Online-Handel f\u00fcr die St\u00e4dte eine reale Bedrohung mit wirtschaftlichen Folgen darstellt und was der station\u00e4re Handel dagegen tun kann<\/h3>\n<p>Guido Quelle zum Thema \u201eDer Online-Handel fegt die St\u00e4dte leer \u2013 Was Kommunen und Verbraucher gegen das Ladensterben tun k\u00f6nnen\u201c:<\/p>\n<p>\u00a9 99.6 Radio Saarbr\u00fccken: <a href=\"http:\/\/www.mandat.de\/RadioSaarbruecken_Guido-Quelle_Online-Handel.mp3\" target=\"_blank\">zum H\u00f6rfunkbeitrag online<\/a> oder <a href=\"http:\/\/www.mandat.de\/RadioSaarbruecken_Guido-Quelle_Online-Handel.mp3.zip\" target=\"_blank\">zum Download<\/a><\/p>\n<\/div>\n<p>&nbsp;<br \/>\n<a href=\"http:\/\/www.mandat.de\/de\/wp-content\/uploads\/Cover-bdu.jpg\"><img loading=\"lazy\" class=\"alignnone size-medium wp-image-13103\" src=\"http:\/\/www.mandat.de\/de\/wp-content\/uploads\/Cover-bdu-220x300.jpg\" alt=\"Think Tank Mode\" width=\"220\" height=\"300\" \/><\/a><\/p>\n<h6><span style=\"color: #999999;\"> www.fotolia.de &#8211; Rawpixel<\/span><\/h6>\n<div class=\"textLayer\" data-canvas-width=\"162.49499999999998\">\n&nbsp;<br \/>\nNur noch wenige Wochen bis zum Start der Mandat Wachstums-Videoserie \u2013 sind Sie dabei? Wir starten im Januar mit Staffel 2 von <strong>\u201e<a href=\"http:\/\/www.mandat.de\/de\/shop\/Mandat-Wachstums-Videoserie\/Mandat-Wachstums-Videoserie-Staffel-2-2016.html\">Five Minutes for Growth<\/a>\u201c<\/strong>. Hier sehen Sie eine<strong><a href=\"https:\/\/youtu.be\/St4obIPdkGo\"> kostenfreie Episode<\/a><\/strong>.<\/p>\n<p>\u00a9 2015, <a href=\"http:\/\/www.mandat.de\/de\/menu\/ueberuns\/team\/prof-dr-guido-quelle\/\">Prof. Dr. Guido Quelle<\/a>, Mandat Managementberatung GmbH, Dortmund, London, New York.<\/p>\n","protected":false},"excerpt":{"rendered":"<p>Warum gute Produkte nicht mehr reichen: Die hiesige Modeindustrie ist mit etwa 31 Milliarden Euro j\u00e4hrlichem Umsatz, 1.400 Unternehmen und mehr als 130.000 Besch\u00e4ftigten eine wichtige Branche in Deutschland. Ihre Zukunft ist allerdings ungewiss: Etablierte Labels gehen aufgrund stetig zur\u00fcckgehender Ums\u00e4tze in die Insolvenz, Warenh\u00e4user stehen unter Dauerdruck. Diese Entwicklungen haben vielf\u00e4ltige Ursachen: &#8230; Lesen [&hellip;]<\/p>\n","protected":false},"author":3,"featured_media":0,"comment_status":"open","ping_status":"open","sticky":false,"template":"","format":"standard","meta":[],"categories":[34],"tags":[959,1216,1401,1405,1409,1425,1431,1708,1797,1800,2130,2315,2341,2437,2448,2459,2480,2482],"_links":{"self":[{"href":"https:\/\/mandat.de\/de\/wp-json\/wp\/v2\/posts\/13812"}],"collection":[{"href":"https:\/\/mandat.de\/de\/wp-json\/wp\/v2\/posts"}],"about":[{"href":"https:\/\/mandat.de\/de\/wp-json\/wp\/v2\/types\/post"}],"author":[{"embeddable":true,"href":"https:\/\/mandat.de\/de\/wp-json\/wp\/v2\/users\/3"}],"replies":[{"embeddable":true,"href":"https:\/\/mandat.de\/de\/wp-json\/wp\/v2\/comments?post=13812"}],"version-history":[{"count":0,"href":"https:\/\/mandat.de\/de\/wp-json\/wp\/v2\/posts\/13812\/revisions"}],"wp:attachment":[{"href":"https:\/\/mandat.de\/de\/wp-json\/wp\/v2\/media?parent=13812"}],"wp:term":[{"taxonomy":"category","embeddable":true,"href":"https:\/\/mandat.de\/de\/wp-json\/wp\/v2\/categories?post=13812"},{"taxonomy":"post_tag","embeddable":true,"href":"https:\/\/mandat.de\/de\/wp-json\/wp\/v2\/tags?post=13812"}],"curies":[{"name":"wp","href":"https:\/\/api.w.org\/{rel}","templated":true}]}}