{"id":14548,"date":"2016-08-09T16:43:11","date_gmt":"2016-08-09T14:43:11","guid":{"rendered":"http:\/\/www.mandat.de\/de\/?p=14548"},"modified":"2016-08-09T16:43:11","modified_gmt":"2016-08-09T14:43:11","slug":"jetzt-schnell-die-ersten-haben-gute-chancen","status":"publish","type":"post","link":"https:\/\/mandat.de\/de\/jetzt-schnell-die-ersten-haben-gute-chancen\/","title":{"rendered":"Jetzt aber schnell! Die Ersten haben gute Chancen."},"content":{"rendered":"<p><a href=\"http:\/\/mandat.de\/imk\/wp-content\/uploads\/2016\/08\/Programm-13-Internationales-Marken-Kolloquium-Mailing.jpg\"><img loading=\"lazy\" class=\"  wp-image-13393 alignleft\" src=\"http:\/\/mandat.de\/imk\/wp-content\/uploads\/2016\/08\/Programm-13-Internationales-Marken-Kolloquium-Mailing.jpg\" alt=\"Programm 13. Internationales Marken-Kolloquium\" width=\"221\" height=\"314\" \/><\/a>Das 13. Internationale Marken-Kolloquium ist ausgebucht. Unsere 80 limitierten Pl\u00e4tze sind einstweilen fest vergeben und wir freuen uns sehr darauf, in diesem Jahr G\u00e4ste aus vier europ\u00e4ischen L\u00e4ndern im Kloster Seeon zu begr\u00fc\u00dfen.<\/p>\n<p>Die offizielle Ticketb\u00f6rse ist damit geschlossen, aber&#8230;<a href=\"http:\/\/www.mandat.de\/de\/wp-content\/uploads\/Fotolia_110887330_M.jpg\"><img loading=\"lazy\" class=\" wp-image-13393 alignright\" src=\"http:\/\/www.mandat.de\/de\/wp-content\/uploads\/Fotolia_110887330_M.jpg\" alt=\"Sold Out\" width=\"103\" height=\"87\" \/><\/a><\/p>\n<p>eine kurze <a href=\"mailto:kerstin.scupin@markenkolloquium.de?subject=Warteliste 13. Internationales Marken-Kolloquium 2016\" target=\"_blank\">Nachricht<\/a> an uns gen\u00fcgt, wenn Sie versuchen m\u00f6chten, noch einen Platz zu erhalten!<\/p>\n<p>Nat\u00fcrlich gilt f\u00fcr 2017 das Motto je eher, desto besser, aber falls Sie sich erst jetzt entscheiden konnten teilzunehmen oder es bisher vers\u00e4umt haben, sich anzumelden, haben Sie jetzt die Gelegenheit, sich kostenfrei und unverbindlich f\u00fcr unsere Teilnehmer-Warteliste zu registrieren. Da wir weiterhin Platzanfragen erhalten und in den vergangenen Jahren die Erfahrung gemacht haben, dass einige wenige Teilnehmer unmittelbar vor der Veranstaltung kurzfristig ihren Platz freigeben und dringenden Verpflichtungen Vorrang einr\u00e4umen, haben wir auch in diesem Jahr einen Wartelisten-Service f\u00fcr Sie eingerichtet.<\/p>\n<p>Schreiben Sie uns eine kurze Nachricht und sobald ein Platz frei wird, melden wir uns unmittelbar bei Ihnen. Sie k\u00f6nnen dann entscheiden, ob dieser Platz Ihrer sein soll.<\/p>\n<p>Nutzen Sie dieses Angebot und Ihre Chance, doch noch dabei zu sein, wenn es am 15. September 2016 wieder hei\u00dft: herzlich willkommen zum Internationalen Marken-Kolloquium!<\/p>\n<p>Ich freue mich auf Sie.<br \/>\nIhr Gastgeber<\/p>\n<p>Prof. Dr. Guido Quelle<br \/>\n&#8212;<\/p>\n<p>\u00a9 2016, <a href=\"http:\/\/www.mandat.de\/de\/menu\/ueberuns\/team\/prof-dr-guido-quelle\/\">Prof. Dr. Guido Quelle<\/a>, Mandat Managementberatung GmbH, Dortmund, London, New York.<br \/>\n\u00a9 Sold-Out-Stempel: Aquir &#8211; <a href=\"http:\/\/de.fotolia.com\/\">Fotolia.com<\/a><\/p>\n","protected":false},"excerpt":{"rendered":"<p>Das 13. Internationale Marken-Kolloquium ist ausgebucht. Unsere 80 limitierten Pl\u00e4tze sind einstweilen fest vergeben und wir freuen uns sehr darauf, in diesem Jahr G\u00e4ste aus vier europ\u00e4ischen L\u00e4ndern im Kloster Seeon zu begr\u00fc\u00dfen. Die offizielle Ticketb\u00f6rse ist damit geschlossen, aber&#8230; eine kurze Nachricht an uns gen\u00fcgt, wenn Sie versuchen m\u00f6chten, noch einen Platz zu erhalten! [&hellip;]<\/p>\n","protected":false},"author":3,"featured_media":0,"comment_status":"open","ping_status":"open","sticky":false,"template":"","format":"standard","meta":[],"categories":[34,45],"tags":[959,1401,1405,1409,1425,1432,1707,1797,1800,2130,2315,2437,2448,2459,2480,2482,2504],"_links":{"self":[{"href":"https:\/\/mandat.de\/de\/wp-json\/wp\/v2\/posts\/14548"}],"collection":[{"href":"https:\/\/mandat.de\/de\/wp-json\/wp\/v2\/posts"}],"about":[{"href":"https:\/\/mandat.de\/de\/wp-json\/wp\/v2\/types\/post"}],"author":[{"embeddable":true,"href":"https:\/\/mandat.de\/de\/wp-json\/wp\/v2\/users\/3"}],"replies":[{"embeddable":true,"href":"https:\/\/mandat.de\/de\/wp-json\/wp\/v2\/comments?post=14548"}],"version-history":[{"count":0,"href":"https:\/\/mandat.de\/de\/wp-json\/wp\/v2\/posts\/14548\/revisions"}],"wp:attachment":[{"href":"https:\/\/mandat.de\/de\/wp-json\/wp\/v2\/media?parent=14548"}],"wp:term":[{"taxonomy":"category","embeddable":true,"href":"https:\/\/mandat.de\/de\/wp-json\/wp\/v2\/categories?post=14548"},{"taxonomy":"post_tag","embeddable":true,"href":"https:\/\/mandat.de\/de\/wp-json\/wp\/v2\/tags?post=14548"}],"curies":[{"name":"wp","href":"https:\/\/api.w.org\/{rel}","templated":true}]}}