{"id":15096,"date":"2017-01-30T07:00:16","date_gmt":"2017-01-30T06:00:16","guid":{"rendered":"http:\/\/www.mandat.de\/de\/?p=15096"},"modified":"2017-01-30T07:00:16","modified_gmt":"2017-01-30T06:00:16","slug":"mandat-wachstums-wochenstart-nr-249-strategietagung-och-nee","status":"publish","type":"post","link":"https:\/\/mandat.de\/de\/mandat-wachstums-wochenstart-nr-249-strategietagung-och-nee\/","title":{"rendered":"Mandat Wachstums-Wochenstart Nr. 249: Strategietagung? Och nee &#8230;"},"content":{"rendered":"<p><img loading=\"lazy\" class=\"alignleft wp-image-10476 size-full\" src=\"http:\/\/www.mandat.de\/de\/wp-content\/uploads\/1485d304a44679dcb01ed7a7286be4998f4029ac.jpeg\" alt=\"Mandat Wachstums-Wochenstart\" width=\"644\" height=\"291\" \/><\/p>\n<p>Strategietagung? Ah, Sie veranstalten gar keine regelm\u00e4\u00dfige Strategietagung? Dann k\u00f6nnen Sie jetzt Zeit sparen und direkt zum \u201eP.S.\u201c gehen.<\/p>\n<p>F\u00fcr alle anderen, die schon erkannt haben, dass Strategie kein Projekt, sondern ein Prozess ist, der auch der Pflege und der Aufmerksamkeit bedarf, geht es hier weiter: Geschieht es Ihnen gelegentlich in Ihrem Unternehmen, dass Sie auf die Ank\u00fcndigung einer Strategietagung (Alternativen: F\u00fchrungskr\u00e4ftetagung, Vertriebstagung, &#8230;) die offene oder versteckte Reaktion \u201eOch nee, nicht schon wieder &#8230;\u201c erhalten? Dann haben Sie Handlungsbedarf, denn eine solche Tagung ist offenbar aus der Vergangenheit nicht als \u201espannend\u201c oder zumindest \u201ewertvoll\u201c eingeordnet worden. Warum wohl nicht?<\/p>\n<p>Ein unvollst\u00e4ndiger Erkl\u00e4rungsansatz: Tagungen sind in der Regel stinklangweilig. Der Vorstand, die Gesch\u00e4ftsf\u00fchrung, wer auch immer das Unternehmen leitet, h\u00e4lt langweilige Powerpoint-Vortr\u00e4ge, Schriftgr\u00f6\u00dfe 10 Punkt, damit auch sicher alles zu sehen ist, die Bereichsleiter halten auch solche Vortr\u00e4ge, es wird viel \u00fcber Zahlen gesprochen, es wird Druck aufgebaut, man versichert sich, dass man ein Team sei \u2013 was man nicht ist, wie die Tage danach wieder zeigen werden \u2013 und man geht nach zwei Tagen nach Hause. Das Highlight? Der Abend an der Bar des oft billigen Hotels. Prima. Vertane Zeit. \u201eOch nee &#8230;\u201c wird so erkl\u00e4rbar.<\/p>\n<p>Wir sind gerade eine Woche wieder zur\u00fcck von unserer j\u00e4hrlichen Strategietagung, die wir stets im Januar eines Jahres von Mittwoch Mittag bis Samstag Vormittag halten und sind alle begeistert von den Resultaten. Powerpoint gab es wie immer nicht, wir hatten nicht einmal einen Beamer im Raum. Wozu auch? \u00dcber Zahlen haben wir nur sehr am Rande gesprochen, weil sie nur der Ausdruck unseres Tuns sind. \u00dcber Inhalte, indes, haben wir stundenlang gerungen. Wir haben Priorit\u00e4ten gesetzt, Vorhaben skizziert, \u00fcber Klienten gesprochen, unsere Strategie best\u00e4tigt und wo erforderlich justiert und \u2013 wie immer \u2013 unser cooles Jahr geplant. Mit der Zeit sind wir fast nicht hingekommen und mit nach Hause genommen haben wir aus dem \u201eWildLand\u201c, wo wir uns immer zusammenfinden, die Gewissheit, dass wir uns alle in dem coolen Jahr wiederfinden. Klar, wir waren hinterher ersch\u00f6pft, aber sind nun voller Tatendrang, der unterst\u00fctzt wird durch eine spezielle Methode, die uns hilft, das Beschlossene auch zu realisieren.<\/p>\n<p>Dies ist das, was wir auch mit unseren Klienten tun, wenn wir gemeinsam Strategietagungen (Vertriebstagungen, F\u00fchrungskr\u00e4ftetagungen) planen: Inhalt ist wichtiger als es Zahlen sind. Gemeinsames Erringen von Inhalten innerhalb der Leitplanken ist besser, als Dinge vorzugeben. Diskussion und Entscheidung schlagen Diktat und Schweigen. All das ist \u00fcbrigens unabh\u00e4ngig von der Unternehmensgr\u00f6\u00dfe.<\/p>\n<p>Wir jedenfalls freuen uns auf unsere n\u00e4chste Strategietagung im Januar 2018. Der Termin ist bereits fixiert. Und Sie?<\/p>\n<p>Auf eine gute Woche \u2013 mehr zur Mandat Strategietagung gibt es \u00fcbrigens im Mandat Growthletter\u00ae n\u00e4chste Woche.<\/p>\n<p>Ihr und Euer<\/p>\n<p>Guido Quelle<\/p>\n<p>Zwei Nachs\u00e4tze:<\/p>\n<p>1.: Wir haben f\u00fcr die Fans des Wachstums-Wochenstarts eine gro\u00dfartige Idee in Vorbereitung, freuen Sie sich schon einmal darauf.<br \/>\n2.: Ganz ernsthaft: Wenn Sie das Format \u201eStrategietagung\u201c noch nicht implementiert haben, oder es angestaubt ist, sollten wir sprechen.<\/p>\n<p>&nbsp;<\/p>\n<p>Wachstum kompakt: <a href=\"http:\/\/www.wachstumsintelligenz.de\"><strong>\u201eWachstumsintelligenz \u2013 So gelingt Wachstum im Mittelstand\u201c<\/strong><\/a> <a href=\"http:\/\/www.amazon.de\/Wachstumsintelligenz-So-gelingt-Wachstum-Mittelstand\/dp\/3738631801\/\"><strong>auch bei amazon<\/strong> <\/a><\/p>\n<p>Jetzt registrieren: <a href=\"http:\/\/www.internationales-marken-kolloquium.de\"><strong>14. Internationales Marken-Kolloquium im Kloster Seeon am 14. und 15. September 2017.<\/strong><\/a> Sichern Sie sich bereits heute einen der streng limitierten Pl\u00e4tze.<\/p>\n<p>Schon gesehen? Meine regelm\u00e4\u00dfigen Wachstumsimpulse auf \u201eDie Deutsche Wirtschaft\u201c: <a href=\"http:\/\/die-deutsche-wirtschaft.de\/neue-reihe-wachstumsimpulse-fuer-den-mittelstand\/\" target=\"_blank\">http:\/\/die-deutsche-wirtschaft.de\/neue-reihe-wachstumsimpulse-fuer-den-mittelstand\/<\/a><\/p>\n<p>\u00a9 2017, <a href=\"http:\/\/www.mandat.de\/de\/menu\/ueberuns\/team\/prof-dr-guido-quelle\/\">Prof. Dr. Guido Quelle<\/a>, Mandat Managementberatung GmbH, Dortmund, London, New York.<br \/>\n\u00a9 Sprinter: mezzotint_fotolia &#8211; <a href=\"http:\/\/de.fotolia.com\/\">Fotolia.com<\/a><\/p>\n","protected":false},"excerpt":{"rendered":"<p>Strategietagung? Ah, Sie veranstalten gar keine regelm\u00e4\u00dfige Strategietagung? Dann k\u00f6nnen Sie jetzt Zeit sparen und direkt zum \u201eP.S.\u201c gehen. F\u00fcr alle anderen, die schon erkannt haben, dass Strategie kein Projekt, sondern ein Prozess ist, der auch der Pflege und der Aufmerksamkeit bedarf, geht es hier weiter: Geschieht es Ihnen gelegentlich in Ihrem Unternehmen, dass Sie [&hellip;]<\/p>\n","protected":false},"author":3,"featured_media":0,"comment_status":"open","ping_status":"open","sticky":false,"template":"","format":"standard","meta":[],"categories":[62],"tags":[959,1401,1405,1409,1707,1797,1800,2130,2135,2315,2437,2448,2459,2480,2482],"_links":{"self":[{"href":"https:\/\/mandat.de\/de\/wp-json\/wp\/v2\/posts\/15096"}],"collection":[{"href":"https:\/\/mandat.de\/de\/wp-json\/wp\/v2\/posts"}],"about":[{"href":"https:\/\/mandat.de\/de\/wp-json\/wp\/v2\/types\/post"}],"author":[{"embeddable":true,"href":"https:\/\/mandat.de\/de\/wp-json\/wp\/v2\/users\/3"}],"replies":[{"embeddable":true,"href":"https:\/\/mandat.de\/de\/wp-json\/wp\/v2\/comments?post=15096"}],"version-history":[{"count":0,"href":"https:\/\/mandat.de\/de\/wp-json\/wp\/v2\/posts\/15096\/revisions"}],"wp:attachment":[{"href":"https:\/\/mandat.de\/de\/wp-json\/wp\/v2\/media?parent=15096"}],"wp:term":[{"taxonomy":"category","embeddable":true,"href":"https:\/\/mandat.de\/de\/wp-json\/wp\/v2\/categories?post=15096"},{"taxonomy":"post_tag","embeddable":true,"href":"https:\/\/mandat.de\/de\/wp-json\/wp\/v2\/tags?post=15096"}],"curies":[{"name":"wp","href":"https:\/\/api.w.org\/{rel}","templated":true}]}}