{"id":15129,"date":"2017-02-06T07:00:07","date_gmt":"2017-02-06T06:00:07","guid":{"rendered":"http:\/\/www.mandat.de\/de\/?p=15129"},"modified":"2017-02-06T07:00:07","modified_gmt":"2017-02-06T06:00:07","slug":"mandat-wachstums-wochenstart-nr-250-dranbleiben","status":"publish","type":"post","link":"https:\/\/mandat.de\/de\/mandat-wachstums-wochenstart-nr-250-dranbleiben\/","title":{"rendered":"Mandat Wachstums-Wochenstart Nr. 250: Dranbleiben"},"content":{"rendered":"<p><img loading=\"lazy\" class=\"alignleft wp-image-10476 size-full\" src=\"http:\/\/www.mandat.de\/de\/wp-content\/uploads\/1485d304a44679dcb01ed7a7286be4998f4029ac.jpeg\" alt=\"Mandat Wachstums-Wochenstart\" width=\"644\" height=\"291\" \/><\/p>\n<p>Traraaaa! Trommelwirbel, bitte &#8230; Wir feiern Jubil\u00e4um! (&#8230; und unten kommt ein Jubil\u00e4umsangebot &#8230; )<\/p>\n<p>Seit 250 Wochen gibt es den Mandat Wachstums-Wochenstart. Jeden Montag, bei Wind und Wetter, gehen unsere E-Mails auf die Reise, um Sie und Euch bei einem kraftvollen Start in die Woche zu unterst\u00fctzen. Seit fast f\u00fcnf Jahren gibt es ihn, den \u201eWachstums-Wochenstart\u201c. Zun\u00e4chst war es nur ein Beitrag auf meinem Blog \u2013 das sich, zugegebenerma\u00dfen einer zahlenm\u00e4\u00dfig \u00e4u\u00dferst beschr\u00e4nkten Leserschaft erfreute und das wir heute nur noch als Transportmedium und Archiv nutzen \u2013, bis wir eines Freitags Nachmittags entschieden, ab kommenden Montag \u201eauf Sendung\u201c zu gehen. Am 24. M\u00e4rz 2014, mit der Ausgabe Nr. 100, war es so weit. Was waren wir gespannt. Konnten wir unseren damals etwa 6.000 Empf\u00e4ngern des Mandat Growthletters\u00ae wirklich eine w\u00f6chentliche Mail zumuten? Was w\u00fcrde passieren.<\/p>\n<p>Die R\u00fcckmeldungen zeigten es: Nicht alle waren von der Idee begeistert und wir erhielten in den ersten zwei, drei Wochen etwa 1.000 Abmeldungen, was wir nicht pers\u00f6nlich nahmen, waren die positiven Kommentare doch sehr ermutigend. Einige von Ihnen und Euch fragten sich auch: \u201eH\u00e4lt er das durch? Jeden Montag?\u201c \u2013 Bittesch\u00f6n.<\/p>\n<p>Heute ist der Wachstums-Wochenstart das Mandat-Kommunikationsmedium, auf das wir die meisten Reaktionen bekommen. Viele Leserinnen und Leser wollen ihn nicht mehr missen, ich erhalte regelhaft Anmerkungen, Kommentare, Meinungen, die mich zum Nachdenken anregen. Ich versuche, jede einzelne Mail zu beantworten \u2013 wie es unsere Art ist, idealerweise am selben Tag, sp\u00e4testens aber binnen 24 Stunden, was meist gelingt. Eine tolle M\u00f6glichkeit, mit Menschen in Kontakt zu bleiben, mit denen wir nicht ohnehin in der Zusammenarbeit sind.<\/p>\n<p>Die Botschaft, die ich heute vermitteln m\u00f6chte ist: Dranbleiben! Wenn immer Sie eine Idee haben, die Sie richtig gut finden, bleiben Sie dran. Machen Sie weiter. Verlassen Sie sich nicht auf diejenigen, die Ihnen etwas ausreden wollen. Was habe ich nicht alles geh\u00f6rt: \u201eDas ist Bel\u00e4stigung, das kannst Du doch nicht machen, jede Woche\u201c, \u201eDas h\u00e4ltst Du doch nicht durch, jede Woche\u201c, \u201eWozu das alles?\u201c. Keine Ahnung wozu, ich fand es einfach gut und richtig. Ich glaube, es war Johannes Gutmann, Chef von Sonnentor, der auf dem Internationalen Marken-Kolloquium 2015 sinngem\u00e4\u00df sagte: Wenn Sie richtig Widerstand sp\u00fcren, machen Sie weiter, dann sind Sie auf dem Weg zu etwas Gro\u00dfem. <\/p>\n<p>Wenn Sie auf andere h\u00f6ren, dann sollten es Menschen sein, die das, was Sie machen wollen, entweder schon gemacht haben, oder die kein eigenes Interesse an Ihren Pl\u00e4nen haben. Aber: Bleiben Sie dran!<\/p>\n<p>Danke, dass Sie weiter dabei sind, ich z\u00e4hle auf Sie!<\/p>\n<p>Auf eine gute Woche \u2013 und die n\u00e4chsten 250!<\/p>\n<p>Ihr und Euer<\/p>\n<p>Guido Quelle<\/p>\n<p><strong>F\u00fcr die, die bis hierher gelesen haben, folgt das versprochene Jubil\u00e4umsangebot:<\/strong><\/p>\n<p>Wir arbeiten gerade daran, aus den ersten 250 Originalbeitr\u00e4gen des Wachstums-Wochenstarts ein Buch zu ver\u00f6ffentlichen. Wenn Sie ein von mir pers\u00f6nlich unterzeichnetes Exemplar (oder auch Exemplare, die Sie anderen widmen wollen) erhalten m\u00f6chten, antworten Sie auf diese Mail mit der gew\u00fcnschten Anzahl. Ihre Anfrage ist noch nicht verbindlich \u2013 sobald wir das Ver\u00f6ffentlichungsdatum und den Preis des Buches kennen, kommen wir auf Sie zu.<\/p>\n<p>&nbsp;<br \/>\nWachstum kompakt: <a href=\"http:\/\/www.wachstumsintelligenz.de\"><strong>\u201eWachstumsintelligenz \u2013 So gelingt Wachstum im Mittelstand\u201c<\/strong><\/a> <a href=\"http:\/\/www.amazon.de\/Wachstumsintelligenz-So-gelingt-Wachstum-Mittelstand\/dp\/3738631801\/\"><strong>auch bei amazon<\/strong> <\/a><\/p>\n<p>Jetzt registrieren: <a href=\"http:\/\/www.internationales-marken-kolloquium.de\"><strong>14. Internationales Marken-Kolloquium im Kloster Seeon am 14. und 15. September 2017.<\/strong><\/a> Sichern Sie sich bereits heute einen der streng limitierten Pl\u00e4tze.<\/p>\n<p>Schon gesehen? Meine regelm\u00e4\u00dfigen Wachstumsimpulse auf \u201e<strong><a href=\"http:\/\/die-deutsche-wirtschaft.de\/neue-reihe-wachstumsimpulse-fuer-den-mittelstand\/\">Die Deutsche Wirtschaft<\/a><\/strong>\u201c<\/p>\n<p>\u00a9 2017, <a href=\"http:\/\/www.mandat.de\/de\/menu\/ueberuns\/team\/prof-dr-guido-quelle\/\">Prof. Dr. Guido Quelle<\/a>, Mandat Managementberatung GmbH, Dortmund, London, New York.<br \/>\n\u00a9 Sprinter: mezzotint_fotolia &#8211; <a href=\"http:\/\/de.fotolia.com\/\">Fotolia.com<\/a><\/p>\n","protected":false},"excerpt":{"rendered":"<p>Traraaaa! Trommelwirbel, bitte &#8230; Wir feiern Jubil\u00e4um! (&#8230; und unten kommt ein Jubil\u00e4umsangebot &#8230; ) Seit 250 Wochen gibt es den Mandat Wachstums-Wochenstart. Jeden Montag, bei Wind und Wetter, gehen unsere E-Mails auf die Reise, um Sie und Euch bei einem kraftvollen Start in die Woche zu unterst\u00fctzen. Seit fast f\u00fcnf Jahren gibt es ihn, [&hellip;]<\/p>\n","protected":false},"author":3,"featured_media":0,"comment_status":"open","ping_status":"open","sticky":false,"template":"","format":"standard","meta":[],"categories":[52,62],"tags":[560,959,1158,1401,1405,1409,1707,1797,1800,2130,2315,2437,2448,2459,2480,2482],"_links":{"self":[{"href":"https:\/\/mandat.de\/de\/wp-json\/wp\/v2\/posts\/15129"}],"collection":[{"href":"https:\/\/mandat.de\/de\/wp-json\/wp\/v2\/posts"}],"about":[{"href":"https:\/\/mandat.de\/de\/wp-json\/wp\/v2\/types\/post"}],"author":[{"embeddable":true,"href":"https:\/\/mandat.de\/de\/wp-json\/wp\/v2\/users\/3"}],"replies":[{"embeddable":true,"href":"https:\/\/mandat.de\/de\/wp-json\/wp\/v2\/comments?post=15129"}],"version-history":[{"count":0,"href":"https:\/\/mandat.de\/de\/wp-json\/wp\/v2\/posts\/15129\/revisions"}],"wp:attachment":[{"href":"https:\/\/mandat.de\/de\/wp-json\/wp\/v2\/media?parent=15129"}],"wp:term":[{"taxonomy":"category","embeddable":true,"href":"https:\/\/mandat.de\/de\/wp-json\/wp\/v2\/categories?post=15129"},{"taxonomy":"post_tag","embeddable":true,"href":"https:\/\/mandat.de\/de\/wp-json\/wp\/v2\/tags?post=15129"}],"curies":[{"name":"wp","href":"https:\/\/api.w.org\/{rel}","templated":true}]}}