{"id":15402,"date":"2017-04-24T07:00:24","date_gmt":"2017-04-24T05:00:24","guid":{"rendered":"http:\/\/www.mandat.de\/de\/?p=15402"},"modified":"2017-04-24T07:00:24","modified_gmt":"2017-04-24T05:00:24","slug":"mandat-wachstums-wochenstart-nr-261-was-eine-mail-ueber-den-absender-sagt","status":"publish","type":"post","link":"https:\/\/mandat.de\/de\/mandat-wachstums-wochenstart-nr-261-was-eine-mail-ueber-den-absender-sagt\/","title":{"rendered":"Mandat Wachstums-#Wochenstart Nr. 261: Was eine Mail \u00fcber den Absender sagt"},"content":{"rendered":"<p><a href=\"http:\/\/www.mandat.de\/de\/mandat-wachstums-wochenstart-nr-104-planen-sie-nichtstun\/1485d304a44679dcb01ed7a7286be4998f4029ac\/\" rel=\"attachment wp-att-10476\"><img loading=\"lazy\" class=\"alignleft wp-image-10476 size-full\" src=\"http:\/\/www.mandat.de\/de\/wp-content\/uploads\/1485d304a44679dcb01ed7a7286be4998f4029ac.jpeg\" alt=\"\" width=\"644\" height=\"291\" \/><\/a>Immer wieder kommen neue Abonnenten f\u00fcr den Mandat Wachstums-Wochenstart und den Mandat Growthletter hinzu und gelegentlich meldet sich der eine oder andere auch aus unseren Wachstums-Sendungen ab. Das ist ganz normal. Schauen wir auf diese Abmeldungen, erleben wir unterschiedliches. Von der Nutzung der automatisierten Abmeldelinks, \u00fcber ein h\u00f6fliches \u201eW\u00fcrden Sie mich bitte aus dem Verteiler nehmen?\u201c \u2013 eine rhetorische Frage, denn nat\u00fcrlich tun wir das \u2013 bis hin zu \u201eUnsubscribe\u201c oder \u201eAbmeldung\u201c erreicht uns so ziemlich alles.<\/p>\n<p>Spannend wird es, wenn Mails pers\u00f6nlich werden. So erhielt ich neulich eine Abmelde-Mail von jemandem mit folgendem Text (ohne Anrede):<\/p>\n<p>\u201eHiermit melden wir uns unter der email Adresse [&#8230;] von allen Mandat-Newslettern ab!<br \/>\nLeider funktionieren die Links in Ihren Mails nicht (Absicht???).<br \/>\nMFG<br \/>\n[Name]\u201c<\/p>\n<p>Was springt Sie an? Genau, mich auch: Die \u201eAbsicht???\u201c \u2013 mit drei Fragezeichen. Der Absender unterstellt offenbar tats\u00e4chlich, dass wir ihn zwingen wollen, bei uns zu bleiben \u2013 in diesem Fall habe ich keinen Schimmer, wie er \u00fcberhaupt irgendwann einmal zu uns gefunden hat \u2013 und dass wir alles tun, um das Abmelden schwer zu machen.<\/p>\n<p>Meine Reaktion auf so etwas? Erstens: Ein Seufzen, sagt der Absender mit einer solchen Mail doch mehr \u00fcber sich als \u00fcber uns aus, die wir uns bis dato nicht einmal vorstellen konnten, dass es so etwas gibt. Zweitens: Die Veranlassung der technischen Pr\u00fcfung. Nat\u00fcrlich funktionierten die Links.<\/p>\n<p>Warum ich diesem Thema einen ganzen Wochenstart widme? Weil wir in unserer Beratungspraxis viele, viele Mails zwischen Beteiligten in Klientenprojekten sehen, die besser nie geschrieben worden w\u00e4ren. Man \u00fcberlege sich also stets: Was sagt diese Mail \u00fcber mich aus? Erst dann dr\u00fccke man \u201eEnter\u201c. Etikette hat noch niemandem geschadet. Und \u00fcberhaupt: Wo ist eigentlich die R\u00fcckversicherung \u201eWollen Sie diese dumme Mail wirklich senden? (OK, Abbrechen)\u201c, wenn man sie braucht?<\/p>\n<p>Auf einen guten Wochenstart!<\/p>\n<p>Ihr und Euer<br \/>\nGuido Quelle<\/p>\n<ul>\n<li>\u00dcber 80% ausgebucht: <a href=\"http:\/\/www.internationales-marken-kolloquium.de\"><strong>14. Internationales Marken-Kolloquium im Kloster Seeon am 14. und 15. September 2017.<\/strong><\/a><\/li>\n<li>Schon gesehen? Meine regelm\u00e4\u00dfigen Wachstumsimpulse auf \u201e<strong><a href=\"http:\/\/die-deutsche-wirtschaft.de\/neue-reihe-wachstumsimpulse-fuer-den-mittelstand\/\">Die Deutsche Wirtschaft<\/a><\/strong>\u201c<\/li>\n<li>Wachstum kompakt: <a href=\"http:\/\/www.wachstumsintelligenz.de\"><strong>\u201eWachstumsintelligenz \u2013 So gelingt Wachstum im Mittelstand\u201c<\/strong><\/a> <a href=\"http:\/\/www.amazon.de\/Wachstumsintelligenz-So-gelingt-Wachstum-Mittelstand\/dp\/3738631801\/\"><strong>auch bei amazon<\/strong> <\/a><\/li>\n<\/ul>\n<p>\u00a9 2017, <a href=\"http:\/\/www.mandat.de\/de\/menu\/ueberuns\/team\/prof-dr-guido-quelle\/\">Prof. Dr. Guido Quelle<\/a>, Mandat Managementberatung GmbH, Dortmund, London, New York.<br \/>\n\u00a9 Sprinter: mezzotint_fotolia &#8211; <a href=\"http:\/\/de.fotolia.com\/\">Fotolia.com<\/a><\/p>\n","protected":false},"excerpt":{"rendered":"<p>Immer wieder kommen neue Abonnenten f\u00fcr den Mandat Wachstums-Wochenstart und den Mandat Growthletter hinzu und gelegentlich meldet sich der eine oder andere auch aus unseren Wachstums-Sendungen ab. Das ist ganz normal. Schauen wir auf diese Abmeldungen, erleben wir unterschiedliches. Von der Nutzung der automatisierten Abmeldelinks, \u00fcber ein h\u00f6fliches \u201eW\u00fcrden Sie mich bitte aus dem Verteiler [&hellip;]<\/p>\n","protected":false},"author":3,"featured_media":0,"comment_status":"open","ping_status":"open","sticky":false,"template":"","format":"standard","meta":[],"categories":[54,62],"tags":[586,688,959,1401,1405,1409,1707,1797,1800,2130,2284,2315,2437,2448,2459,2480,2482],"_links":{"self":[{"href":"https:\/\/mandat.de\/de\/wp-json\/wp\/v2\/posts\/15402"}],"collection":[{"href":"https:\/\/mandat.de\/de\/wp-json\/wp\/v2\/posts"}],"about":[{"href":"https:\/\/mandat.de\/de\/wp-json\/wp\/v2\/types\/post"}],"author":[{"embeddable":true,"href":"https:\/\/mandat.de\/de\/wp-json\/wp\/v2\/users\/3"}],"replies":[{"embeddable":true,"href":"https:\/\/mandat.de\/de\/wp-json\/wp\/v2\/comments?post=15402"}],"version-history":[{"count":0,"href":"https:\/\/mandat.de\/de\/wp-json\/wp\/v2\/posts\/15402\/revisions"}],"wp:attachment":[{"href":"https:\/\/mandat.de\/de\/wp-json\/wp\/v2\/media?parent=15402"}],"wp:term":[{"taxonomy":"category","embeddable":true,"href":"https:\/\/mandat.de\/de\/wp-json\/wp\/v2\/categories?post=15402"},{"taxonomy":"post_tag","embeddable":true,"href":"https:\/\/mandat.de\/de\/wp-json\/wp\/v2\/tags?post=15402"}],"curies":[{"name":"wp","href":"https:\/\/api.w.org\/{rel}","templated":true}]}}