{"id":16056,"date":"2018-01-01T07:00:12","date_gmt":"2018-01-01T06:00:12","guid":{"rendered":"http:\/\/www.mandat.de\/de\/?p=16056"},"modified":"2018-01-01T07:00:12","modified_gmt":"2018-01-01T06:00:12","slug":"mandat-wachstums-wochenstart-nr-297-das-erfolgstagebuch","status":"publish","type":"post","link":"https:\/\/mandat.de\/de\/mandat-wachstums-wochenstart-nr-297-das-erfolgstagebuch\/","title":{"rendered":"Mandat Wachstums-#Wochenstart Nr. 297: Das #Erfolgstagebuch"},"content":{"rendered":"<p><a href=\"http:\/\/www.mandat.de\/de\/mandat-wachstums-wochenstart-nr-104-planen-sie-nichtstun\/1485d304a44679dcb01ed7a7286be4998f4029ac\/\" rel=\"attachment wp-att-10476\"><img loading=\"lazy\" class=\"alignleft wp-image-10476 size-full\" src=\"http:\/\/www.mandat.de\/de\/wp-content\/uploads\/1485d304a44679dcb01ed7a7286be4998f4029ac.jpeg\" alt=\"\" width=\"644\" height=\"291\" \/><\/a>Montag, 1. Januar 2018: Ihnen und Euch allen alles Gute f\u00fcr ein frohes neues Jahr! Hier kommt \u2013 gewohnt p\u00fcnktlich \u2013 der Wachstums-Wochenstart, den die meisten von Ihnen sicher erst \u201esp\u00e4ter\u201c lesen werden &#8230;<\/p>\n<p>Ein neues Jahr, alles auf Null setzen. Null? Nein, so einfach ist es nicht, wir k\u00f6nnen nicht einfach so tun, als w\u00fcrde das Jahr mit einem wei\u00dfen Blatt beginnen. Vorg\u00e4nge aus dem Vorjahr warten auf Zuwendung, Vorhaben, die wir f\u00fcr 2018 haben, warten auf Realisierung, Dinge, die wir eigentlich schon lange haben tun wollen, warten auf eine Terminierung, ohne die diese Dinge n\u00e4mlich wieder nicht geschehen. M\u00f6glicherweise haben wir uns auch viel zu viel vorgenommen, aber das werden wir ja sehen. Mit Null beginnt ein neues Jahr jedenfalls nicht.<\/p>\n<p>Was aber mit \u201eNull\u201c beginnen kann, ist ein Erfolgstagebuch, das wir bei Mandat schon sehr lange favorisieren \u2013 wie immer: Der eine nutzt es, der andere nicht \u2013, denn dieses Erfolgstagebuch kann auf Basis eines Kalenders gef\u00fchrt werden und der beginnt am 1. Januar wirklich bei Null.<\/p>\n<p>Wie Sie mit einem Erfolgstagebuch umgehen? Sehr einfach: Besorgen Sie sich ein konventionelles Kalender-Notizbuch, zum Beispiel von Moleskine (nein, wir haben keinen wirtschaftlichen Vorteil davon) in einer Ihnen angenehmen Farbe. Der Hersteller ist sekund\u00e4r. Wichtig ist, dass Sie das Buch m\u00f6gen, Sie es gerne in die Hand nehmen, dass sich das Papier gut beschreiben l\u00e4sst und dass Sie die M\u00f6glichkeit haben, drei Punkte pro Tag einzutragen, die Ihnen besonders gut gelungen sind. Ich rate \u00fcbrigens nicht zu einem DIN A 4-Buch, da dies zu viel Platz f\u00fcr Weitschweifigkeit bietet.<\/p>\n<p>Es geht tats\u00e4chlich darum, am Abend eines jeden Tages drei Dinge einzutragen, drei \u201eBullet-Points\u201c, die drei wesentliche Erfolge dieses Tages wiedergeben. Tun Sie dies konsequent, jeden Tag, tragen Sie nichts nach und Sie werden vermutlich folgendes erleben: Sie werden feststellen, dass es anfangs gar nicht so einfach ist, drei Erfolge pro Tag zu finden, Sie werden sich wundern, wie viel zusammenkommt, wenn man das Buch durchbl\u00e4ttert und Sie werden bemerken, dass sich Ihre Denkrichtung \u00e4ndert, denn \u00fcblicherweise bleiben ja die Dinge im Kopf, die schiefgegangen sind.<\/p>\n<p>Es geht nicht um Prosa, es geht nur um Stichpunkte. In dem Erfolgstagebuch steht nichts Negatives, es stehen dort nur kleine und gro\u00dfe Erfolge. Und: Ich rate unbedingt zu einem konventionellen Buch, nicht zu einer Excel- oder Evernote-Liste.<\/p>\n<p>Damit k\u00f6nnen Sie in der Tat bei \u201eNull\u201c beginnen. Die heutigen schnellen Lieferzeiten sollten es Ihnen erleichtern, direkt ein sch\u00f6nes Buch zu bestellen.<\/p>\n<p>Auf ein gutes und wachstumsstarkes Jahr \u2013 pers\u00f6nlich wie gesch\u00e4ftlich!<\/p>\n<p>Ihr und Euer<br \/>\nGuido Quelle<\/p>\n<ul>\n<li>Hier sind sie: Die sch\u00f6nsten Momente des 14. Internationalen Marken-Kolloquiums mit pers\u00f6nlichen Statements der Referenten und lebhaften Einblicken hinter die Klostermauern in nur f\u00fcnf Minuten zusammengefasst: \u201e<strong><a href=\"https:\/\/youtu.be\/tWHTGz7s130\">Highlights aus Seeon<\/a><\/strong>\u201c<\/li>\n<li><a href=\"http:\/\/mandat.de\/imk\/\" target=\"_blank\" rel=\"noopener\">15. Internationale Marken-Kolloquium im September 2018<\/a>:<strong><a href=\"http:\/\/www.mandat.de\/de\/shop\/Internationales-Marken-Kolloquium\/Teilnahme-am-15-Internationalen-Marken-Kolloquium.html\"> Sichern Sie sich jetzt einen der streng limitierten Pl\u00e4tze!<\/a><\/strong><\/li>\n<li>Sie haben diesen Beitrag in den sozialen Medien gelesen und m\u00f6chten den Mandat Wachstums-Wochenstart w\u00f6chentlich erhalten? <strong><a href=\"http:\/\/www.mandat.de\/de\/shop\/Mandat-Wachstums-Wochenstart\/Anmeldung-Mandat-Wachstums-Wochenstart.html\">Klicken Sie hier und es geht sp\u00e4testens \u00fcbern\u00e4chsten Montag von allein<\/a><\/strong><\/li>\n<li>F\u00fcr alle Fans des Wachstums-Wochenstarts: Mein neues Buch <a href=\"http:\/\/www.mandat.de\/de\/menu\/produkte\/buecher\/wachstumsgedanken-250-impulse-zum-lesen-denken-handeln\/\"><strong>WACHSTUMSGEDANKEN<\/strong><\/a>.<strong> <a href=\"http:\/\/www.mandat.de\/de\/shop\/Buecher\/Jetzt-reservieren-Wachstumsgedanken-250-Impulse-zum-Lesen-Denken-Handeln.html\">Interessiert?<\/a><\/strong><\/li>\n<li>Schon reingeschaut? Meine monatlichen <strong>Wachstumsimpulse<\/strong> auf \u201e<strong><a href=\"http:\/\/die-deutsche-wirtschaft.de\/neue-reihe-wachstumsimpulse-fuer-den-mittelstand\/\">Die Deutsche Wirtschaft<\/a><\/strong>\u201c<\/li>\n<\/ul>\n<p>\u00a9 2018, <a href=\"http:\/\/www.mandat.de\/de\/menu\/ueberuns\/team\/prof-dr-guido-quelle\/\">Prof. Dr. Guido Quelle<\/a>, Mandat Managementberatung GmbH, Dortmund, London, New York.<br \/>\n\u00a9 Sprinter: mezzotint_fotolia &#8211; <a href=\"http:\/\/de.fotolia.com\/\">Fotolia.com<\/a><\/p>\n","protected":false},"excerpt":{"rendered":"<p>Montag, 1. Januar 2018: Ihnen und Euch allen alles Gute f\u00fcr ein frohes neues Jahr! Hier kommt \u2013 gewohnt p\u00fcnktlich \u2013 der Wachstums-Wochenstart, den die meisten von Ihnen sicher erst \u201esp\u00e4ter\u201c lesen werden &#8230; Ein neues Jahr, alles auf Null setzen. Null? Nein, so einfach ist es nicht, wir k\u00f6nnen nicht einfach so tun, als [&hellip;]<\/p>\n","protected":false},"author":3,"featured_media":0,"comment_status":"open","ping_status":"open","sticky":false,"template":"","format":"standard","meta":[],"categories":[62,63],"tags":[2699,959,1401,1405,1409,1707,1797,1800,2130,2315,2437,2448,2459,2480,2482],"_links":{"self":[{"href":"https:\/\/mandat.de\/de\/wp-json\/wp\/v2\/posts\/16056"}],"collection":[{"href":"https:\/\/mandat.de\/de\/wp-json\/wp\/v2\/posts"}],"about":[{"href":"https:\/\/mandat.de\/de\/wp-json\/wp\/v2\/types\/post"}],"author":[{"embeddable":true,"href":"https:\/\/mandat.de\/de\/wp-json\/wp\/v2\/users\/3"}],"replies":[{"embeddable":true,"href":"https:\/\/mandat.de\/de\/wp-json\/wp\/v2\/comments?post=16056"}],"version-history":[{"count":0,"href":"https:\/\/mandat.de\/de\/wp-json\/wp\/v2\/posts\/16056\/revisions"}],"wp:attachment":[{"href":"https:\/\/mandat.de\/de\/wp-json\/wp\/v2\/media?parent=16056"}],"wp:term":[{"taxonomy":"category","embeddable":true,"href":"https:\/\/mandat.de\/de\/wp-json\/wp\/v2\/categories?post=16056"},{"taxonomy":"post_tag","embeddable":true,"href":"https:\/\/mandat.de\/de\/wp-json\/wp\/v2\/tags?post=16056"}],"curies":[{"name":"wp","href":"https:\/\/api.w.org\/{rel}","templated":true}]}}