{"id":19467,"date":"2018-09-05T07:00:01","date_gmt":"2018-09-05T05:00:01","guid":{"rendered":"https:\/\/www.mandat.de\/de\/?p=17155"},"modified":"2018-09-05T07:00:01","modified_gmt":"2018-09-05T05:00:01","slug":"es-gibt-mehr-als-kostensenkung","status":"publish","type":"post","link":"https:\/\/mandat.de\/de\/es-gibt-mehr-als-kostensenkung\/","title":{"rendered":"Es gibt mehr als #Kostensenkung"},"content":{"rendered":"<p><a href=\"http:\/\/www.mandat.de\/de\/wp-content\/uploads\/Banner-Blogeintrag-KMU-Magazin-1.jpg\"><img loading=\"lazy\" class=\"alignnone wp-image-15073\" src=\"http:\/\/www.mandat.de\/de\/wp-content\/uploads\/Banner-Blogeintrag-KMU-Magazin-1-300x53.jpg\" alt=\"Banner Blogeintrag KMU-Magazin\" width=\"662\" height=\"117\" \/><\/a><\/p>\n<div class=\"textLayer\" data-canvas-width=\"162.49499999999998\">\n<p>Die Kosten zu senken, ist oft der in Unternehmen gew\u00e4hlte K\u00f6nigsweg, um das operative Ergebnis zu verbessern. Nat\u00fcrlich sind angemessene Kosten f\u00fcr den Erfolg eines Unternehmens erforderlich, aber Kostensenkung wird regelhaft \u00fcberbewertet und \u00fcbertrieben.<a href=\"https:\/\/www.mandat.de\/de\/wp-content\/uploads\/1806-07-KMU-Kolumne-Es-gibt-mehr-als-Kostensenkung.pdf\" target=\"_blank\" rel=\"noopener\"> Lesen Sie hier kostenfrei weiter.<\/a><\/p>\n<\/div>\n<div class=\"textLayer\" data-canvas-width=\"162.49499999999998\">\n<p>Dies ist ein Beitrag aus meiner monatlichen Wachstumskolumne im Schweizer KMU-Magazin. Mit herzlichem Dank an das KMU-Magazin f\u00fcr die \u00dcberlassung des PDFs.<\/p>\n<p>&#8212;<\/p>\n<ul>\n<li>Die sch\u00f6nsten Momente des 14. Internationalen Marken-Kolloquiums mit pers\u00f6nlichen Statements der Referenten und lebhaften Einblicken hinter die Klostermauern in nur f\u00fcnf Minuten zusammengefasst: \u201e<strong><a href=\"https:\/\/youtu.be\/tWHTGz7s130\">Highlights aus Seeon<\/a><\/strong>\u201c<\/li>\n<li><a href=\"http:\/\/mandat.de\/imk\/\" target=\"_blank\" rel=\"noopener\">15. Internationale Marken-Kolloquium im September 2018<\/a>:<strong><a href=\"http:\/\/www.mandat.de\/de\/shop\/Internationales-Marken-Kolloquium\/Teilnahme-am-15-Internationalen-Marken-Kolloquium.html\"> F\u00fcr Kurzentschlossene: Noch bis morgen registrieren<\/a><\/strong><\/li>\n<li>F\u00fcr alle Fans des Wachstums-Wochenstarts: Mein aktuelles Buch <a href=\"http:\/\/www.mandat.de\/de\/menu\/produkte\/buecher\/wachstumsgedanken-250-impulse-zum-lesen-denken-handeln\/\"><strong>WACHSTUMSGEDANKEN<\/strong><\/a>.<strong> <a href=\"http:\/\/www.mandat.de\/de\/shop\/Buecher\/Jetzt-reservieren-Wachstumsgedanken-250-Impulse-zum-Lesen-Denken-Handeln.html\">Interessiert?<\/a><\/strong><\/li>\n<\/ul>\n<p>\u00a9 2018, <a href=\"http:\/\/www.mandat.de\/de\/menu\/ueberuns\/team\/prof-dr-guido-quelle\/\">Prof. Dr. Guido Quelle<\/a>, Mandat Managementberatung GmbH, Dortmund, London, New York.<\/p>\n<\/div>\n","protected":false},"excerpt":{"rendered":"<p>Die Kosten zu senken, ist oft der in Unternehmen gew\u00e4hlte K\u00f6nigsweg, um das operative Ergebnis zu verbessern. Nat\u00fcrlich sind angemessene Kosten f\u00fcr den Erfolg eines Unternehmens erforderlich, aber Kostensenkung wird regelhaft \u00fcberbewertet und \u00fcbertrieben. Lesen Sie hier kostenfrei weiter. Dies ist ein Beitrag aus meiner monatlichen Wachstumskolumne im Schweizer KMU-Magazin. Mit herzlichem Dank an das [&hellip;]<\/p>\n","protected":false},"author":3,"featured_media":0,"comment_status":"closed","ping_status":"closed","sticky":false,"template":"","format":"standard","meta":[],"categories":[39,63],"tags":[959,1219,1229,1261,1266,1409,2315],"_links":{"self":[{"href":"https:\/\/mandat.de\/de\/wp-json\/wp\/v2\/posts\/19467"}],"collection":[{"href":"https:\/\/mandat.de\/de\/wp-json\/wp\/v2\/posts"}],"about":[{"href":"https:\/\/mandat.de\/de\/wp-json\/wp\/v2\/types\/post"}],"author":[{"embeddable":true,"href":"https:\/\/mandat.de\/de\/wp-json\/wp\/v2\/users\/3"}],"replies":[{"embeddable":true,"href":"https:\/\/mandat.de\/de\/wp-json\/wp\/v2\/comments?post=19467"}],"version-history":[{"count":0,"href":"https:\/\/mandat.de\/de\/wp-json\/wp\/v2\/posts\/19467\/revisions"}],"wp:attachment":[{"href":"https:\/\/mandat.de\/de\/wp-json\/wp\/v2\/media?parent=19467"}],"wp:term":[{"taxonomy":"category","embeddable":true,"href":"https:\/\/mandat.de\/de\/wp-json\/wp\/v2\/categories?post=19467"},{"taxonomy":"post_tag","embeddable":true,"href":"https:\/\/mandat.de\/de\/wp-json\/wp\/v2\/tags?post=19467"}],"curies":[{"name":"wp","href":"https:\/\/api.w.org\/{rel}","templated":true}]}}