{"id":19508,"date":"2019-04-29T09:56:35","date_gmt":"2019-04-29T07:56:35","guid":{"rendered":"https:\/\/www.mandat.de\/de\/?p=18338"},"modified":"2019-04-29T09:56:35","modified_gmt":"2019-04-29T07:56:35","slug":"mandat-wachstums-wochenstart-nr-366-mal-eben","status":"publish","type":"post","link":"https:\/\/mandat.de\/de\/mandat-wachstums-wochenstart-nr-366-mal-eben\/","title":{"rendered":"Mandat Wachstums-Wochenstart Nr. 366: \u201eMal eben &#8230;\u201c"},"content":{"rendered":"<p><a href=\"https:\/\/www.mandat.de\/de\/banner-wachstums-wochenstart\/\"><img loading=\"lazy\" class=\"wp-image-16696 alignleft\" src=\"https:\/\/www.mandat.de\/de\/wp-content\/uploads\/Banner-Wachstums-Wochenstart-300x97.jpg\" alt=\"\" width=\"644\" height=\"208\" \/><\/a>Als ich vor kurzem den Akku-Rasenm\u00e4her aus unserem Ger\u00e4teh\u00e4uschen im Garten holen wollte, fiel es mir auf: \u201eRichtig, die Akkus liegen ja im Keller.\u201c Es war noch kalt, teilweise fror es nachts drau\u00dfen und so lagerten die Akkus noch im Wohnhaus, nicht im Ger\u00e4tehaus. Der Plan: Ab in den Keller, einen Akku holen. Ich gehe ungern doppelt, wenn ich also nun schon in den Keller ging, konnte ich direkt den Kompressor aus dem Gartenhaus mit herunternehmen, denn das Wohnmobil stand vor der T\u00fcr und ich musste sp\u00e4ter noch den Reifendruck justieren. Den Akkum\u00e4her stellte ich schon einmal raus auf den Rasen.<\/p>\n<p>Den Kompressor hinter mir herziehend ging ich in Richtung Werkzeugkeller und dachte auf dem Weg dahin, dass der Kompressor k\u00fcnftig eigentlich in einem bestimmten Raum des Hauses besser zu lagern sei, als im Gartenhaus. Ich stellte den Kompressor vor dem Haus ab und ging in den Raum. Hm, es war zwar recht voll, aber wenn man ein wenig Platz schaffte &#8230; \u2018mal das Licht einschalten. \u2013 W\u00e4hrenddessen wartete der Akkum\u00e4her geduldig.<\/p>\n<p>Kein Licht. Richtig, die Gl\u00fchbirne war ja defekt, das war mir vor einiger Zeit schon aufgefallen. Die Birne musste ich direkt austauschen, das war sonnenklar, denn sonst w\u00fcrde es auch in den n\u00e4chsten Monaten dunkel bleiben. Ich reckte mich, drehte die Birne heraus und &#8230; hatte das Lampenglas in der Hand, der Rest steckte noch in der Fassung. Schade. Egal, die Fassung l\u00e4sst sich sicher herausdrehen, ich hatte doch neulich eine Spitzzange erworben, die noch unverwendet auf dem Werkzeugkoffer lag, schau, da liegt sie. Dummerweise war die Zange noch von der baumarkt\u00fcblichen Hochsicherheitsverpackung umgeben, von der ich das Werkzeug zun\u00e4chst zu entledigen hatte \u2013 wozu ich wiederum schweres Ger\u00e4t ben\u00f6tigte, das war definitiv keine \u201eAnti-\u00c4rger-Sicherung\u201c. Bei der Gelegenheit konnte die andere k\u00fcrzlich erworbene Zange, die nachbarschaftlich neben der ben\u00f6tigten Spitzzange lag, direkt auch von der gleichen Sicherung befreit werden. So, jetzt mit der Spitzzange zur\u00fcck zum Raum, die Lampenreste herausdrehen. \u2013 Dem Akkum\u00e4her war\u2019s gleich, er wartete auf seinen Einsatz.<\/p>\n<p>\u201eSo wird das nichts\u201c, dachte ich, als der erste Splitter des Lampenrestes nah an meinem Gesicht auf den Boden fiel. Eine Leiter musste her. Zur\u00fcck mit der Leiter gelang das Herausdrehen binnen kurzer Zeit. Eine Ersatzbirne war auch leicht gefunden. Schnell hereingedreht und \u2013 zack \u2013 ward es Licht. Ich schaffte Platz in dem Raum, jawohl, so k\u00f6nnte es gehen. So k\u00f6nnte der Kompressor sp\u00e4ter dort hineinpassen. Nun aber aufr\u00e4umen: Licht aus, Raum zu, Leiter wegstellen, Lampenreste entsorgen, die Verpackung der neuen Birne ins Altpapier, die Zangen in den Werkzeugkoffer. Wo ist denn eigentlich der Ansatz f\u00fcr den Kompressor, um nachher den Reifendruck abzulesen? Jedenfalls nicht an seinem angestammten Ort. Mal nachsehen. Aha, im Aufbewahrungsfach des Kompressors. Prima.<\/p>\n<p>Achja, der Akku &#8230;<\/p>\n<p>Eine gef\u00fchlte Ewigkeit sp\u00e4ter kam ich zur\u00fcck zum geduldig auf mich wartenden Akkum\u00e4her und die eigentliche Aufgabe, derer ich mich urspr\u00fcnglich annehmen wollte, konnte beginnen. Gl\u00fccklicherweise hatte es zwischenzeitlich nicht geregnet und es d\u00e4mmerte drau\u00dfen auch noch nicht. Ich lachte herzhaft \u00fcber die Kettenreaktion, setzte den Akku ein und der M\u00e4her erhielt freudig brummend seinen Einsatz.<\/p>\n<p>L\u00e4uft es nicht genau so auch oft in unserem Arbeitsalltag? Wir wollen etwas tun und machen \u201emal eben\u201c etwas mit? In der Freizeit ist die Auswirkung unerheblich, aber im Beruf nicht \u2013 zumindest nicht, wenn dies ein Handlungsmuster ist.<\/p>\n<p>Merke: \u201eMal eben\u201c dauert meist l\u00e4nger als man meint.<\/p>\n<p>Auf eine gute, fokussierte Woche!<\/p>\n<p>Ihr und Euer<br \/>\nGuido Quelle<\/p>\n<p><em>Um jeden Montagmorgen automatisch mit einem Wachstumsimpuls in eine erfolgreiche Woche zu starten, registrieren Sie sich f\u00fcr unseren kostenfreien Mandat Wachstums-Wochenstart in unserem Onlineshop:<\/em><br \/>\n<a href=\"https:\/\/www.mandat.de\/de\/shop\/Mandat-Wachstums-Wochenstart\/Anmeldung-zum-Mandat-Wachstums-Wochenstart.html\" target=\"_blank\" rel=\"noopener\"><strong>Wachstums-Wochenstart abonnieren<\/strong><\/a><\/p>\n<p>&nbsp;<\/p>\n<p>\u00a9 2019, <a href=\"http:\/\/www.mandat.de\/de\/menu\/ueberuns\/team\/prof-dr-guido-quelle\/\">Prof. Dr. Guido Quelle<\/a>, Mandat Managementberatung GmbH, Dortmund, London, New York.<br \/>\n\u00a9 Sprinter: anyaberkut istock.com <a href=\"http:\/\/www.istockphoto.com\" target=\"_blank\" rel=\"noopener\">istockphoto.com<\/a><\/p>\n","protected":false},"excerpt":{"rendered":"<p>Als ich vor kurzem den Akku-Rasenm\u00e4her aus unserem Ger\u00e4teh\u00e4uschen im Garten holen wollte, fiel es mir auf: \u201eRichtig, die Akkus liegen ja im Keller.\u201c Es war noch kalt, teilweise fror es nachts drau\u00dfen und so lagerten die Akkus noch im Wohnhaus, nicht im Ger\u00e4tehaus. Der Plan: Ab in den Keller, einen Akku holen. Ich gehe [&hellip;]<\/p>\n","protected":false},"author":3,"featured_media":0,"comment_status":"closed","ping_status":"closed","sticky":false,"template":"","format":"standard","meta":[],"categories":[62],"tags":[777,959,2964,2965,1409,2441],"_links":{"self":[{"href":"https:\/\/mandat.de\/de\/wp-json\/wp\/v2\/posts\/19508"}],"collection":[{"href":"https:\/\/mandat.de\/de\/wp-json\/wp\/v2\/posts"}],"about":[{"href":"https:\/\/mandat.de\/de\/wp-json\/wp\/v2\/types\/post"}],"author":[{"embeddable":true,"href":"https:\/\/mandat.de\/de\/wp-json\/wp\/v2\/users\/3"}],"replies":[{"embeddable":true,"href":"https:\/\/mandat.de\/de\/wp-json\/wp\/v2\/comments?post=19508"}],"version-history":[{"count":0,"href":"https:\/\/mandat.de\/de\/wp-json\/wp\/v2\/posts\/19508\/revisions"}],"wp:attachment":[{"href":"https:\/\/mandat.de\/de\/wp-json\/wp\/v2\/media?parent=19508"}],"wp:term":[{"taxonomy":"category","embeddable":true,"href":"https:\/\/mandat.de\/de\/wp-json\/wp\/v2\/categories?post=19508"},{"taxonomy":"post_tag","embeddable":true,"href":"https:\/\/mandat.de\/de\/wp-json\/wp\/v2\/tags?post=19508"}],"curies":[{"name":"wp","href":"https:\/\/api.w.org\/{rel}","templated":true}]}}