{"id":20677,"date":"2019-10-21T07:00:11","date_gmt":"2019-10-21T05:00:11","guid":{"rendered":"https:\/\/mandat.de\/de\/?p=20677"},"modified":"2019-10-18T08:05:37","modified_gmt":"2019-10-18T06:05:37","slug":"mandat-wachstums-wochenstart-nr-391-lang-wei-lig","status":"publish","type":"post","link":"https:\/\/mandat.de\/de\/mandat-wachstums-wochenstart-nr-391-lang-wei-lig\/","title":{"rendered":"Mandat Wachstums-Wochenstart Nr. 391: Lang-wei-lig!"},"content":{"rendered":"<p><img loading=\"lazy\" class=\"size-full wp-image-17863 aligncenter\" src=\"https:\/\/mandat.de\/de\/wp-content\/uploads\/2019\/03\/Banner_Wachstums-Wochenstart.jpg\" alt=\"Wachstums-Wochenstart\" width=\"644\" height=\"208\" srcset=\"https:\/\/mandat.de\/de\/wp-content\/uploads\/2019\/03\/Banner_Wachstums-Wochenstart.jpg 644w, https:\/\/mandat.de\/de\/wp-content\/uploads\/2019\/03\/Banner_Wachstums-Wochenstart-300x97.jpg 300w, https:\/\/mandat.de\/de\/wp-content\/uploads\/2019\/03\/Banner_Wachstums-Wochenstart-450x145.jpg 450w\" sizes=\"(max-width: 644px) 100vw, 644px\" \/><\/p>\n<p><strong>Mandat Wachstums-Wochenstart Nr. 391: Lang-wei-lig!<br \/>\n<\/strong><\/p>\n<p>Sind Sie auf sozialen Medien pr\u00e4sent, hier vorzugsweise in Gesch\u00e4ftsnetzwerken wie LinkedIn oder Xing? Dann schauen Sie einmal, was dort teilweise in den Zeilen unterhalb des Namens steht, also das, was die Person n\u00e4her beschreiben soll. Es ist zum Haareraufen.<\/p>\n<p>Beispiele? Bittesch\u00f6n:<\/p>\n<ul>\n<li>Der Weg ist das Ziel<\/li>\n<li>Gib jedem Tag die Chance der beste Deines Lebens zu werden<\/li>\n<li>Erfolg liegt zwischen den Ohren<\/li>\n<li>Geht nicht gibt\u2018s nicht<\/li>\n<li>Was nicht passt, wird passend gemacht<\/li>\n<li>Wer Wege kennt, kann w\u00e4hlen<\/li>\n<li>Den Menschen in den Mittelpunkt stellen<\/li>\n<li>Gegen die Norm<\/li>\n<li>Wenn der Wind der Ver\u00e4nderung weht, bauen die einen Mauern, die anderen Windm\u00fchlen<\/li>\n<\/ul>\n<p>G\u00e4hn! Was ist das allesamt? Richtig: Lang-wei-lig! Wir haben das alles schon tausend Mal geh\u00f6rt, es stammt nicht von den Personen, die es unter ihren Namen schreiben und es ist einfach unprofessionell. Nur, weil Social-Media-Berater gesagt haben m\u00f6gen, man solle nicht \u201eGesch\u00e4ftsf\u00fchrer\u201c oder \u201eCoach\u201c oder \u201eWachstumsexperte\u201c unter seinen Namen schreiben (warum eigentlich nicht? Ich finde das sehr hilfreich), muss man doch nicht so ein abgedroschenes Zeug schreiben.<\/p>\n<p>Nat\u00fcrlich, jeder kann mit seinem Profil machen, was er will, aber ich m\u00f6chte darauf hinaus, dass <strong>Originalit\u00e4t heute immer mehr abzunehmen scheint<\/strong>. Im Zuge des \u201eCopy-Paste-Zeitalters\u201c, in dem es auch mit dem Urheberrecht und der korrekten Zitierweise nicht mehr so genau genommen wird, droht vieles, in der Beliebigkeit unterzugehen.<\/p>\n<p>Schauen Sie einmal auf Ihr Unternehmen, auf Ihr Marketing, auf Ihren Vertrieb: Stellen Sie eine zweckm\u00e4\u00dfige Originalit\u00e4t fest, stellen Sie fest, dass Statements, die aus Ihrem Unternehmen kommen, positiv neugierig machen? Oder werden auch hier Phrasen bem\u00fcht, um nicht zu sagen \u201egedroschen\u201c? Wie sieht es mit Ihren Produkten und Leistungen aus?<\/p>\n<p>Vorsicht, das vermeintlich Originelle, das sich aber bei genauem Hinsehen als alter Hut und profane Phrase erweist, kann nach hinten losgehen. Wenn wir mit unseren Klienten Wachstumsinitiativen aufgleisen und begleiten, sorgen wir immer auch daf\u00fcr, dass das Unternehmen originell bleibt. Das bedeutet nicht, dass man immer besonders \u201ewitzig\u201c sein muss, ganz im Gegenteil, aber <strong>es muss immer wieder eine \u00dcberraschung her<\/strong>, welche die Kunden unserer Klienten neugierig macht.<\/p>\n<p>Einer unserer wichtigsten Klienten seinerzeit hatte uns auch aus dem Grund gefunden, weil er seinen bisherigen Berater gefeuert hatte. Der Grund: Er hat denselben Witz zum dritten oder vierten Mal erz\u00e4hlt. Vermeidbarer Fehler, k\u00f6nnte man sagen.<\/p>\n<p>Auf eine gute Woche!<\/p>\n<p>Ihr und Euer<br \/>\nGuido Quelle<\/p>\n<p><em>Um jeden Montagmorgen automatisch mit einem Wachstumsimpuls in eine erfolgreiche Woche zu starten, registrieren Sie sich f\u00fcr unseren kostenfreien Mandat Wachstums-Wochenstart in unserem Onlineshop: <\/em><a href=\"https:\/\/www.mandat.de\/de\/shop\/Mandat-Wachstums-Wochenstart\/Anmeldung-zum-Mandat-Wachstums-Wochenstart.html\" target=\"_blank\" rel=\"noopener\"><strong>Wachstums-Wochenstart abonnieren<\/strong><\/a><\/p>\n<p>&nbsp;<\/p>\n<p>\u00a9 2019, <a href=\"http:\/\/www.mandat.de\/de\/menu\/ueberuns\/team\/prof-dr-guido-quelle\/\">Prof. Dr. Guido Quelle<\/a>, Mandat Managementberatung GmbH, Dortmund, London, New York.<br \/>\n\u00a9 Jogger: 456750597_anyaberkut <a href=\"http:\/\/www.istockphoto.com\" target=\"_blank\" rel=\"noopener\">istock.com<\/a><\/p>\n","protected":false},"excerpt":{"rendered":"<p>Mandat Wachstums-Wochenstart Nr. 391: Lang-wei-lig! Sind Sie auf sozialen Medien pr\u00e4sent, hier vorzugsweise in Gesch\u00e4ftsnetzwerken wie LinkedIn oder Xing? Dann schauen Sie einmal, was dort teilweise in den Zeilen unterhalb des Namens steht, also das, was die Person n\u00e4her beschreiben soll. Es ist zum Haareraufen. Beispiele? Bittesch\u00f6n: Der Weg ist das Ziel Gib jedem Tag [&hellip;]<\/p>\n","protected":false},"author":16,"featured_media":20044,"comment_status":"closed","ping_status":"closed","sticky":false,"template":"","format":"standard","meta":[],"categories":[62],"tags":[3046,3043,2810,1401,1445,3044,3045,1793,1797,1800,2276,2437,2441],"_links":{"self":[{"href":"https:\/\/mandat.de\/de\/wp-json\/wp\/v2\/posts\/20677"}],"collection":[{"href":"https:\/\/mandat.de\/de\/wp-json\/wp\/v2\/posts"}],"about":[{"href":"https:\/\/mandat.de\/de\/wp-json\/wp\/v2\/types\/post"}],"author":[{"embeddable":true,"href":"https:\/\/mandat.de\/de\/wp-json\/wp\/v2\/users\/16"}],"replies":[{"embeddable":true,"href":"https:\/\/mandat.de\/de\/wp-json\/wp\/v2\/comments?post=20677"}],"version-history":[{"count":0,"href":"https:\/\/mandat.de\/de\/wp-json\/wp\/v2\/posts\/20677\/revisions"}],"wp:featuredmedia":[{"embeddable":true,"href":"https:\/\/mandat.de\/de\/wp-json\/wp\/v2\/media\/20044"}],"wp:attachment":[{"href":"https:\/\/mandat.de\/de\/wp-json\/wp\/v2\/media?parent=20677"}],"wp:term":[{"taxonomy":"category","embeddable":true,"href":"https:\/\/mandat.de\/de\/wp-json\/wp\/v2\/categories?post=20677"},{"taxonomy":"post_tag","embeddable":true,"href":"https:\/\/mandat.de\/de\/wp-json\/wp\/v2\/tags?post=20677"}],"curies":[{"name":"wp","href":"https:\/\/api.w.org\/{rel}","templated":true}]}}