{"id":20681,"date":"2019-10-28T07:00:59","date_gmt":"2019-10-28T06:00:59","guid":{"rendered":"https:\/\/mandat.de\/de\/?p=20681"},"modified":"2019-10-25T10:36:32","modified_gmt":"2019-10-25T08:36:32","slug":"mandat-wachstums-wochenstart-nr-392-die-wirkungsminderung-der-doppelspitze","status":"publish","type":"post","link":"https:\/\/mandat.de\/de\/mandat-wachstums-wochenstart-nr-392-die-wirkungsminderung-der-doppelspitze\/","title":{"rendered":"Mandat Wachstums-Wochenstart Nr. 392: Die Wirkungsminderung der Doppelspitze"},"content":{"rendered":"<p><img loading=\"lazy\" class=\"size-full wp-image-17863 aligncenter\" src=\"https:\/\/mandat.de\/de\/wp-content\/uploads\/2019\/03\/Banner_Wachstums-Wochenstart.jpg\" alt=\"Wachstums-Wochenstart\" width=\"644\" height=\"208\" srcset=\"https:\/\/mandat.de\/de\/wp-content\/uploads\/2019\/03\/Banner_Wachstums-Wochenstart.jpg 644w, https:\/\/mandat.de\/de\/wp-content\/uploads\/2019\/03\/Banner_Wachstums-Wochenstart-300x97.jpg 300w, https:\/\/mandat.de\/de\/wp-content\/uploads\/2019\/03\/Banner_Wachstums-Wochenstart-450x145.jpg 450w\" sizes=\"(max-width: 644px) 100vw, 644px\" \/><\/p>\n<p><strong>Mandat Wachstums-Wochenstart Nr. 392: Die Wirkungsminderung der Doppelspitze<br \/>\n<\/strong><\/p>\n<p>Was haben die Gr\u00fcnen, die SPD, SAP und manche andere Organisationen und Unternehmen gemein? Richtig: Sie haben oder wollen eine \u201eDoppelspitze\u201c.<\/p>\n<p>Allein der Begriff ist schon irref\u00fchrend. Es gibt keine \u201eDoppelspitze\u201c. Entweder, wir haben zwei gleich gro\u00dfe Spitzen, die dann aber nicht auf denselben Punkt wirken oder eine Spitze ist spitzer oder l\u00e4nger oder \u2026 Auch wenn jemand mir nun versucht, zu erkl\u00e4ren, warum es physikalisch doch gehen mag, hat die <strong>Doppelspitze an einer wachstumsstarken Organisation nichts verloren<\/strong>. Warum? <strong>Weil die Wirkung der Organisation gemindert wird<\/strong>. Doppelspitze ernstgenommen bedeutet die Gefahr eines extrem hohen Abstimmungsbedarfes und m\u00f6glicherweise ein Entscheidungs- oder Abstimmungspatt mit irgendwelchen Kompromissen. Das ist unerquicklich und unn\u00f6tig.<\/p>\n<p>Eine oder einer sollte die Letztentscheidung f\u00e4llen, das erh\u00f6ht die Geschwindigkeit und verschnellt die Lernkurve. Nicht, dass Unternehmen und Organisationen mit einer sogenannten Doppelspitze nicht erfolgreich sein k\u00f6nnen. Die Frage ist aber: Wie erfolgreich w\u00e4ren sie, wenn intern sehr wohl diskutiert und dann von der Einzelspitze nach Anh\u00f6rung aller Meinungen entschieden w\u00fcrde? Man wei\u00df es nicht, man kann es nicht beweisen.<\/p>\n<p>Wer stellt sich der Presse? Wie sind die Ressorts \u201egerecht\u201c aufgeteilt? Die Person, die mit der Presse regelhaft spricht, ist de facto die Spitze. Wer spricht mit Analysten \u00fcber die Strategie? Das gleiche Thema. Oder tauchen dann immer zwei Personen auf?<\/p>\n<p>Ich stelle eine zunehmende Konsens-Sehnsucht in Unternehmen und Organisationen fest und diese ist nicht immer der Weiterentwicklung dienlich. <strong>Zu F\u00fchrung geh\u00f6rt es auch, unangenehme Entscheidungen zu treffen<\/strong> und nicht bis zum Sankt-Nimmerleinstag zu debattieren. Der gern genommene Geschlechterausgleich durch Bildung einer Doppelspitze ist auch ein Scheingefecht. Warum f\u00fchrt die Organisation nicht einfach eine Frau? Warum muss ein Mann dabei sein? Oder ist der Mann doch die f\u00fchrende Figur und die Frau die Quotenfrau?<\/p>\n<p>Nein, bitte senden Sie mir jetzt keine Mails zur Genderdiskussion, das geht in der Regel nach hinten los. Was ich herausarbeiten m\u00f6chte ist, dass eine Doppelspitze in der Regel nicht die Wirkung entfaltet, die ben\u00f6tigt wird, wobei wir noch gar nicht auf die Unternehmensspitze schauen m\u00fcssen, sondern auch in Projekten schauen k\u00f6nnen: Warum gibt es zwei Projektleiter? Das ergibt keinen Sinn. Warum zwei Auftraggeber? Das ergibt ebenso wenig einen Sinn.<\/p>\n<p>Organisatorische Klarheit wird auch in der F\u00fchrung geschaffen. In der Regel bildet sich bei einer Doppelspitze ohnehin ein\/e Anf\u00fchrer\/in heraus. Dann kann man auch gleich den Mut haben, diese Person zur Spitze zu ernennen.<\/p>\n<p>Auf eine gute Woche!<\/p>\n<p>Ihr und Euer<br \/>\nGuido Quelle<\/p>\n<p><em>Um jeden Montagmorgen automatisch mit einem Wachstumsimpuls in eine erfolgreiche Woche zu starten, registrieren Sie sich f\u00fcr unseren kostenfreien Mandat Wachstums-Wochenstart in unserem Onlineshop: <\/em><a href=\"https:\/\/www.mandat.de\/de\/shop\/Mandat-Wachstums-Wochenstart\/Anmeldung-zum-Mandat-Wachstums-Wochenstart.html\" target=\"_blank\" rel=\"noopener\"><strong>Wachstums-Wochenstart abonnieren<\/strong><\/a><\/p>\n<p>&nbsp;<\/p>\n<p>\u00a9 2019, <a href=\"http:\/\/www.mandat.de\/de\/menu\/ueberuns\/team\/prof-dr-guido-quelle\/\">Prof. Dr. Guido Quelle<\/a>, Mandat Managementberatung GmbH, Dortmund, London, New York.<br \/>\n\u00a9 Jogger: 456750597_anyaberkut <a href=\"http:\/\/www.istockphoto.com\" target=\"_blank\" rel=\"noopener\">istock.com<\/a><\/p>\n","protected":false},"excerpt":{"rendered":"<p>Mandat Wachstums-Wochenstart Nr. 392: Die Wirkungsminderung der Doppelspitze Was haben die Gr\u00fcnen, die SPD, SAP und manche andere Organisationen und Unternehmen gemein? Richtig: Sie haben oder wollen eine \u201eDoppelspitze\u201c. Allein der Begriff ist schon irref\u00fchrend. Es gibt keine \u201eDoppelspitze\u201c. Entweder, wir haben zwei gleich gro\u00dfe Spitzen, die dann aber nicht auf denselben Punkt wirken oder [&hellip;]<\/p>\n","protected":false},"author":16,"featured_media":20044,"comment_status":"closed","ping_status":"closed","sticky":false,"template":"","format":"standard","meta":[],"categories":[62],"tags":[3047,654,832,1203,3048,2810,1401,1793,1797,1800,2437,2441,2574],"_links":{"self":[{"href":"https:\/\/mandat.de\/de\/wp-json\/wp\/v2\/posts\/20681"}],"collection":[{"href":"https:\/\/mandat.de\/de\/wp-json\/wp\/v2\/posts"}],"about":[{"href":"https:\/\/mandat.de\/de\/wp-json\/wp\/v2\/types\/post"}],"author":[{"embeddable":true,"href":"https:\/\/mandat.de\/de\/wp-json\/wp\/v2\/users\/16"}],"replies":[{"embeddable":true,"href":"https:\/\/mandat.de\/de\/wp-json\/wp\/v2\/comments?post=20681"}],"version-history":[{"count":0,"href":"https:\/\/mandat.de\/de\/wp-json\/wp\/v2\/posts\/20681\/revisions"}],"wp:featuredmedia":[{"embeddable":true,"href":"https:\/\/mandat.de\/de\/wp-json\/wp\/v2\/media\/20044"}],"wp:attachment":[{"href":"https:\/\/mandat.de\/de\/wp-json\/wp\/v2\/media?parent=20681"}],"wp:term":[{"taxonomy":"category","embeddable":true,"href":"https:\/\/mandat.de\/de\/wp-json\/wp\/v2\/categories?post=20681"},{"taxonomy":"post_tag","embeddable":true,"href":"https:\/\/mandat.de\/de\/wp-json\/wp\/v2\/tags?post=20681"}],"curies":[{"name":"wp","href":"https:\/\/api.w.org\/{rel}","templated":true}]}}