{"id":22607,"date":"2020-05-18T07:00:15","date_gmt":"2020-05-18T05:00:15","guid":{"rendered":"https:\/\/mandat.de\/de\/?p=22607"},"modified":"2020-05-14T15:31:34","modified_gmt":"2020-05-14T13:31:34","slug":"mandat-wachstums-wochenstart-nr-421-engagieren-nicht-arrangieren","status":"publish","type":"post","link":"https:\/\/mandat.de\/de\/mandat-wachstums-wochenstart-nr-421-engagieren-nicht-arrangieren\/","title":{"rendered":"Mandat Wachstums-Wochenstart Nr. 421: Engagieren, nicht arrangieren!"},"content":{"rendered":"<p><img loading=\"lazy\" class=\"wp-image-21644 size-full aligncenter\" src=\"https:\/\/mandat.de\/de\/wp-content\/uploads\/2020\/03\/Banner-Wachstums-Wochenstart-Blog.jpg\" alt=\"\" width=\"644\" height=\"208\" srcset=\"https:\/\/mandat.de\/de\/wp-content\/uploads\/2020\/03\/Banner-Wachstums-Wochenstart-Blog.jpg 644w, https:\/\/mandat.de\/de\/wp-content\/uploads\/2020\/03\/Banner-Wachstums-Wochenstart-Blog-300x97.jpg 300w, https:\/\/mandat.de\/de\/wp-content\/uploads\/2020\/03\/Banner-Wachstums-Wochenstart-Blog-450x145.jpg 450w\" sizes=\"(max-width: 644px) 100vw, 644px\" \/><\/p>\n<p><strong>Mandat Wachstums-Wochenstart Nr. 421: Engagieren, nicht arrangieren!<br \/>\n<\/strong><\/p>\n<p>Wir sind immer noch in der durch \u201eCorona\u201c bestimmten Zeit und ich habe heute eine wichtige Zukunftsaufgabe f\u00fcr alle Unternehmenslenker und F\u00fchrungskr\u00e4fte zur Hand. Es besteht n\u00e4mlich angesichts der zunehmenden \u2013 nennen wir sie einmal k\u00fcnstlichen \u2013 Normalit\u00e4t die latente Gefahr, dass diese \u2013 trotz der Tatsache, dass in vielen Unternehmen positive Unruhe und Bewegung herrscht \u2013 als \u201etats\u00e4chliche Normalit\u00e4t\u201c angesehen wird. Dies ist ein gef\u00e4hrlicher Irrtum.<\/p>\n<p>Wir sind derzeit dabei, einen Mangelzustand zu verwalten und das Beste aus einer \u00fcberaus misslichen Situation zu machen und die Besch\u00e4ftigung damit gaukelt uns manchmal vor, dass dies ausreichend sein m\u00f6ge. Aber: Das Geld kommt nicht vom Himmel und auch nicht vom Staat, es muss erwirtschaftet werden. Ein Unternehmen braucht Auftr\u00e4ge, Kunden, eine Kultur des Zusammenhaltens, eine Identit\u00e4t, es braucht keine Springer, die mal hier mal da arbeiten und denen das Unternehmen eigentlich egal ist. Das Reisen ist nichts, das zu verteufeln ist, denn pers\u00f6nliche Begegnungen haben ein anderes Bindungspotenzial als eine Videokonferenz (vom Urlaub will ich noch gar nicht reden).<\/p>\n<p>Schreckhaft zur Seite zu springen, wenn ein Radfahrer (langsam) etwas dichter im Wald vorbeif\u00e4hrt oder ein Kunde im Laden einmal nicht auf die \u2013 nat\u00fcrlich exakt einzuhaltende \u2013 1,50-Meter-Grenze achtet (neulich las in einem Laden \u201eAbstand drei Meter\u201c und fragte mich, wie das gehen soll), einander mit einem Mund-Nase-Schutz zu begegnen, Kurzarbeitergeld zu beziehen, viel weniger (oder ersatzweise auch viel mehr) zu arbeiten als zuvor, all das mag \u201ek\u00fcnstlich normal\u201c sein; gleichwohl: es ist nicht das \u201eNormale\u201c.<\/p>\n<p>Wir arrangieren uns. Das ist auch gut so, es ist wichtig, aber wir m\u00fcssen vermitteln, dass wir das so nicht auf Dauer wollen und k\u00f6nnen. Immer wieder erscheinen Beitr\u00e4ge und es kommen dem einen oder anderen vielleicht Gedanken auf, wie \u201eWas ich mir aus der Krisenzeit erhalten will\u201c, das ist auch okay, aber der Status aktuell ist nicht der Wunschstatus und wir brauchen uns auch nicht der Sozialromantik hinzugeben, dass irgendwann, wenn die Gefahr gebannt ist, alle Mundschutze fallen und wir einfach weiter Geld von irgendwem bekommen, fr\u00f6hlich weiter \u00fcber das bedingungslose Grundeinkommen und andere soziale Guttaten fabulieren und im \u00dcbrigen zuhause sitzen und darauf warten, dass das Telefon f\u00fcr den n\u00e4chsten Auftrag klingelt.<\/p>\n<p>Wir m\u00fcssen uns engagieren, nicht nur arrangieren und je l\u00e4nger die k\u00fcnstliche Normalit\u00e4t anh\u00e4lt, desto mehr sind wir <strong>Unternehmenslenker und auch unsere F\u00fchrungskr\u00e4fte gefragt, die Mitarbeiterinnen und Mitarbeiter bei der Stange zu halten, Perspektive zu zeigen, auch Erfolge miteinander zu teilen und an Zukunftserfolgen zu arbeiten<\/strong>. Das n\u00e4chste \u201eNormal\u201c wird ein anderes sein als im Januar oder Februar \u2013 man nennt das \u201eWachstum\u201c \u2013 aber wir d\u00fcrfen uns nicht davon verleiten lassen, das k\u00fcnstliche Normal als Ma\u00dfstab zu nehmen.<\/p>\n<p>Bleiben Sie positiv unruhig, engagieren Sie sich, lassen Sie nicht zu, dass Ihre Mitarbeiterinnen und Mitarbeiter sich nur arrangieren. Das reicht nicht f\u00fcr Wachstum.<\/p>\n<p>Auf eine gute Woche!<\/p>\n<p>Ihr und Euer<br \/>\nGuido Quelle<\/p>\n<p>&nbsp;<\/p>\n<p>Die Frage der Woche: \u201e<\/p>\n<p><strong>\u201eWie stellt sich Ihr Unternehmen aktuell (01 bis inkl. 04\/2020) wirtschaftlich dar?<\/strong>\u201c<br \/>\nUm an der Umfrage teilzunehmen klicken Sie einfach auf: <a href=\"https:\/\/easy-feedback.de\/wachstumsfrage-der-woche\/1229729\/zme4R8\" target=\"_blank\" rel=\"noopener noreferrer\"><strong>Wachstumsfrage der Woche<\/strong><\/a><\/p>\n<p>In der letzten Woche haben wir gefragt: \u201eWie ist es um Ihre Strategiearbeit bestellt?\u201c<\/p>\n<p>Ihre Antwort:<\/p>\n<ul>\n<li>Wir haben eine top aktuelle Strategie, die wir regelhaft justieren. \u2013 60 %<\/li>\n<li>Wir t\u00e4ten gut daran, unsere Strategie wieder einmal auf Vordermann zu bringen.\u00a0\u2013 20 %<\/li>\n<li>Wir haben nicht, das man als\u00a0\u201eStrategie\u201c\u00a0bezeichnen w\u00fcrde, sondern eher Fragmente. \u2013 20 %<\/li>\n<\/ul>\n<p>&nbsp;<\/p>\n<p><em>Um jeden Montagmorgen automatisch mit einem Wachstumsimpuls in eine erfolgreiche Woche zu starten, registrieren Sie sich f\u00fcr unseren kostenfreien Mandat Wachstums-Wochenstart in unserem Onlineshop: <\/em><a href=\"https:\/\/www.mandat.de\/de\/shop\/Mandat-Wachstums-Wochenstart\/Anmeldung-zum-Mandat-Wachstums-Wochenstart.html\" target=\"_blank\" rel=\"noopener noreferrer\"><strong>Wachstums-Wochenstart abonnieren<\/strong><\/a><\/p>\n<p>&nbsp;<\/p>\n<p>\u00a9 2020, <a href=\"https:\/\/mandat.de\/de\/ueberuns\/mandat-team\/prof-dr-guido-quelle\/\" target=\"_blank\" rel=\"noopener noreferrer\">Prof. Dr. Guido Quelle<\/a>, Mandat Managementberatung GmbH, Dortmund, London, New York.<br \/>\n\u00a9 Jogger: 241365758 Maridav <a href=\"https:\/\/stock.adobe.com\/de\/images\/start-athlete-ready-to-run-competition-waiting-for-starting-sprinting-fitness-challenge-for-new-year-banner-panorama-ready-for-success\/241365758\" target=\"_blank\" rel=\"noopener noreferrer\">stock.adobe.com<\/a><\/p>\n","protected":false},"excerpt":{"rendered":"<p>Mandat Wachstums-Wochenstart Nr. 421: Engagieren, nicht arrangieren! Wir sind immer noch in der durch \u201eCorona\u201c bestimmten Zeit und ich habe heute eine wichtige Zukunftsaufgabe f\u00fcr alle Unternehmenslenker und F\u00fchrungskr\u00e4fte zur Hand. Es besteht n\u00e4mlich angesichts der zunehmenden \u2013 nennen wir sie einmal k\u00fcnstlichen \u2013 Normalit\u00e4t die latente Gefahr, dass diese \u2013 trotz der Tatsache, dass [&hellip;]<\/p>\n","protected":false},"author":16,"featured_media":20044,"comment_status":"closed","ping_status":"closed","sticky":false,"template":"","format":"standard","meta":[],"categories":[62],"tags":[3118,3153,3152,832,3154,1276,1710,3155,1793,1797,1800,2441],"_links":{"self":[{"href":"https:\/\/mandat.de\/de\/wp-json\/wp\/v2\/posts\/22607"}],"collection":[{"href":"https:\/\/mandat.de\/de\/wp-json\/wp\/v2\/posts"}],"about":[{"href":"https:\/\/mandat.de\/de\/wp-json\/wp\/v2\/types\/post"}],"author":[{"embeddable":true,"href":"https:\/\/mandat.de\/de\/wp-json\/wp\/v2\/users\/16"}],"replies":[{"embeddable":true,"href":"https:\/\/mandat.de\/de\/wp-json\/wp\/v2\/comments?post=22607"}],"version-history":[{"count":0,"href":"https:\/\/mandat.de\/de\/wp-json\/wp\/v2\/posts\/22607\/revisions"}],"wp:featuredmedia":[{"embeddable":true,"href":"https:\/\/mandat.de\/de\/wp-json\/wp\/v2\/media\/20044"}],"wp:attachment":[{"href":"https:\/\/mandat.de\/de\/wp-json\/wp\/v2\/media?parent=22607"}],"wp:term":[{"taxonomy":"category","embeddable":true,"href":"https:\/\/mandat.de\/de\/wp-json\/wp\/v2\/categories?post=22607"},{"taxonomy":"post_tag","embeddable":true,"href":"https:\/\/mandat.de\/de\/wp-json\/wp\/v2\/tags?post=22607"}],"curies":[{"name":"wp","href":"https:\/\/api.w.org\/{rel}","templated":true}]}}