{"id":22743,"date":"2020-05-25T07:00:34","date_gmt":"2020-05-25T05:00:34","guid":{"rendered":"https:\/\/mandat.de\/de\/?p=22743"},"modified":"2020-05-22T16:14:05","modified_gmt":"2020-05-22T14:14:05","slug":"mandat-wachstums-wochenstart-nr-422-tue-es-ganz","status":"publish","type":"post","link":"https:\/\/mandat.de\/de\/mandat-wachstums-wochenstart-nr-422-tue-es-ganz\/","title":{"rendered":"Mandat Wachstums-Wochenstart Nr. 422: Tue es ganz."},"content":{"rendered":"<p><img loading=\"lazy\" class=\"wp-image-21644 size-full aligncenter\" src=\"https:\/\/mandat.de\/de\/wp-content\/uploads\/2020\/03\/Banner-Wachstums-Wochenstart-Blog.jpg\" alt=\"\" width=\"644\" height=\"208\" srcset=\"https:\/\/mandat.de\/de\/wp-content\/uploads\/2020\/03\/Banner-Wachstums-Wochenstart-Blog.jpg 644w, https:\/\/mandat.de\/de\/wp-content\/uploads\/2020\/03\/Banner-Wachstums-Wochenstart-Blog-300x97.jpg 300w, https:\/\/mandat.de\/de\/wp-content\/uploads\/2020\/03\/Banner-Wachstums-Wochenstart-Blog-450x145.jpg 450w\" sizes=\"(max-width: 644px) 100vw, 644px\" \/><\/p>\n<p><strong>Mandat Wachstums-Wochenstart Nr. 422: Tue es ganz.<br \/>\n<\/strong><\/p>\n<p>Vor einigen Wochen habe ich den Vorplatz unseres Hauses, also unsere PKW-Stellpl\u00e4tze und Zug\u00e4nge zum Haus, gek\u00e4rchert. Es war eine Arbeit, die ich mir auf zwei Tage aufgeteilt hatte, weil ich derlei \u201eMikro-Aufgaben\u201c nicht soooo sehr mag. Das Wiederbef\u00fcllen der L\u00fccken zwischen den Pflastersteinen mit Sand haben meine Frau und ich gemeinsam gemacht, Fuge f\u00fcr Fuge. Das Ergebnis kann sich sehen lassen, es ist richtig sch\u00f6n geworden.<\/p>\n<p>Vor einigen Tagen habe ich mir die Holzterrasse vorgenommen, mit Schlauch und Besen, um den Schmutz und das Moos aus den Rillen zu bekommen. Wieder eine dieser Mikro-Arbeiten, die ich nicht soooo sehr mag. Aber: Ich machte es ja freiwillig und wollte es auch nicht \u201eoutsourcen\u201c.<\/p>\n<p>Bei allen Arbeiten dieser Art kommt mir immer wieder etwas in den Sinn, das mit Wachstum zu tun hat: Wenn Du etwas tust, wenn Du Dich f\u00fcr etwas bewusst entschieden hast, dann tue es ganz. Umgekehrt wird auch ein Schuh daraus: Wenn Du etwas nicht ganz tun kannst, dann lasse es, weil Du Dich \u00fcber die verschwendete Zeit \u00e4rgern wirst, denn das Resultat wird \u201emau\u201c.<\/p>\n<p>Sie kennen mich: Ich bin kein Freund von Perfektion, weil wir in kaufm\u00e4nnischen Bereichen nie perfekt sein werden und Perfektionsstreben dazu f\u00fchrt, Zeit in Optimierungen zu investieren, die keine Wertsch\u00e4tzung erfahren, aber ich bin ein Freund davon, Dinge wirklich ganz zu tun. Ja, auch Mikro-Aufgaben. <strong>Wenn man sich einer Aufgabe angenommen hat, dann soll man sie mit ganzer Aufmerksamkeit und ganzem Herzen tun.<\/strong> Dann wird sie gut, dann kann sich das Resultat sehen lassen, dann ist die Zeit, die wir nur einmal investieren k\u00f6nnen, gut investiert.<\/p>\n<p>Dies gilt f\u00fcr gro\u00dfe, bedeutende Aufgaben, aber auch f\u00fcr Aufgaben, die einer gewissen L\u00e4stigkeit nicht entbehren. Muss die Aufgabe sein? Bin ich verantwortlich? Muss (oder soll oder will) ich es selbst machen? Wenn dreimal \u201eJa!\u201c ert\u00f6nt, dann gilt: Tue es ganz.<\/p>\n<p>Und (Tipp aus meiner Selbstmanagement-Vorlesung): Fasse jeden Vorgang nur einmal an \u2026<\/p>\n<p>Wie sieht\u2019s aus in Ihrem Unternehmen? Werden Dinge oft halb, daf\u00fcr aber doppelt gemacht? Stellen Sie fest, dass l\u00e4stige Aufgaben furchtbar oft hin und her geschoben werden? Wird Ihre eigene To-Do-Liste eventuell auch mitunter l\u00e4nger und l\u00e4nger? Das sind alles Wachstumsbremsen.<\/p>\n<p>Tue es ganz.<\/p>\n<p>Auf eine gute Woche!<\/p>\n<p>Ihr und Euer<br \/>\nGuido Quelle<\/p>\n<p>&nbsp;<\/p>\n<p>Die Frage der Woche: \u201e<\/p>\n<p><strong>\u201eDurch welche der folgenden Aussagen wird Ihr Unternehmen charakterisiert?<\/strong>\u201c<br \/>\nUm an der Umfrage teilzunehmen klicken Sie einfach auf: <a href=\"https:\/\/easy-feedback.de\/wachstumsfrage-der-woche\/1230976\/T6Fpfe\" target=\"_blank\" rel=\"noopener noreferrer\"><strong>Wachstumsfrage der Woche<\/strong><\/a><\/p>\n<p>In der letzten Woche haben wir gefragt: \u201eWie stellt sich Ihr Unternehmen aktuell (01 bis inkl. 04\/2020) wirtschaftlich dar?\u201c<\/p>\n<p>Ihre Antwort:<\/p>\n<ul>\n<li>Deutlich besser als im Vorjahreszeitraum. \u2013 17 %<\/li>\n<li>Ungef\u00e4hr auf Vorjahresniveau. \u2013 41 %<\/li>\n<li>Schlechter als im Vorjahreszeitraum. \u2013 25 %<\/li>\n<li>Deutlich schlechter als im Vorjahreszeitraum. \u2013 17%<\/li>\n<\/ul>\n<p>&nbsp;<\/p>\n<p><em>Um jeden Montagmorgen automatisch mit einem Wachstumsimpuls in eine erfolgreiche Woche zu starten, registrieren Sie sich f\u00fcr unseren kostenfreien Mandat Wachstums-Wochenstart in unserem Onlineshop: <\/em><a href=\"https:\/\/www.mandat.de\/de\/shop\/Mandat-Wachstums-Wochenstart\/Anmeldung-zum-Mandat-Wachstums-Wochenstart.html\" target=\"_blank\" rel=\"noopener noreferrer\"><strong>Wachstums-Wochenstart abonnieren<\/strong><\/a><\/p>\n<p>&nbsp;<\/p>\n<p>\u00a9 2020, <a href=\"https:\/\/mandat.de\/de\/ueberuns\/mandat-team\/prof-dr-guido-quelle\/\" target=\"_blank\" rel=\"noopener noreferrer\">Prof. Dr. Guido Quelle<\/a>, Mandat Managementberatung GmbH, Dortmund, London, New York.<br \/>\n\u00a9 Jogger: 241365758 Maridav <a href=\"https:\/\/stock.adobe.com\/de\/images\/start-athlete-ready-to-run-competition-waiting-for-starting-sprinting-fitness-challenge-for-new-year-banner-panorama-ready-for-success\/241365758\" target=\"_blank\" rel=\"noopener noreferrer\">stock.adobe.com<\/a><\/p>\n","protected":false},"excerpt":{"rendered":"<p>Mandat Wachstums-Wochenstart Nr. 422: Tue es ganz. Vor einigen Wochen habe ich den Vorplatz unseres Hauses, also unsere PKW-Stellpl\u00e4tze und Zug\u00e4nge zum Haus, gek\u00e4rchert. Es war eine Arbeit, die ich mir auf zwei Tage aufgeteilt hatte, weil ich derlei \u201eMikro-Aufgaben\u201c nicht soooo sehr mag. Das Wiederbef\u00fcllen der L\u00fccken zwischen den Pflastersteinen mit Sand haben meine [&hellip;]<\/p>\n","protected":false},"author":16,"featured_media":20044,"comment_status":"closed","ping_status":"closed","sticky":false,"template":"","format":"standard","meta":[],"categories":[62],"tags":[195,3158,1793,1797,1800,2007,2441],"_links":{"self":[{"href":"https:\/\/mandat.de\/de\/wp-json\/wp\/v2\/posts\/22743"}],"collection":[{"href":"https:\/\/mandat.de\/de\/wp-json\/wp\/v2\/posts"}],"about":[{"href":"https:\/\/mandat.de\/de\/wp-json\/wp\/v2\/types\/post"}],"author":[{"embeddable":true,"href":"https:\/\/mandat.de\/de\/wp-json\/wp\/v2\/users\/16"}],"replies":[{"embeddable":true,"href":"https:\/\/mandat.de\/de\/wp-json\/wp\/v2\/comments?post=22743"}],"version-history":[{"count":0,"href":"https:\/\/mandat.de\/de\/wp-json\/wp\/v2\/posts\/22743\/revisions"}],"wp:featuredmedia":[{"embeddable":true,"href":"https:\/\/mandat.de\/de\/wp-json\/wp\/v2\/media\/20044"}],"wp:attachment":[{"href":"https:\/\/mandat.de\/de\/wp-json\/wp\/v2\/media?parent=22743"}],"wp:term":[{"taxonomy":"category","embeddable":true,"href":"https:\/\/mandat.de\/de\/wp-json\/wp\/v2\/categories?post=22743"},{"taxonomy":"post_tag","embeddable":true,"href":"https:\/\/mandat.de\/de\/wp-json\/wp\/v2\/tags?post=22743"}],"curies":[{"name":"wp","href":"https:\/\/api.w.org\/{rel}","templated":true}]}}