{"id":23982,"date":"2020-10-09T09:17:04","date_gmt":"2020-10-09T07:17:04","guid":{"rendered":"https:\/\/mandat.de\/de\/?p=23982"},"modified":"2020-10-09T13:06:21","modified_gmt":"2020-10-09T11:06:21","slug":"film-ab-impressionen-vom-17-internationalen-marken-kolloquium","status":"publish","type":"post","link":"https:\/\/mandat.de\/de\/film-ab-impressionen-vom-17-internationalen-marken-kolloquium\/","title":{"rendered":"Film ab \u2013 Impressionen vom 17. Internationalen Marken-Kolloquium"},"content":{"rendered":"<p>Wir haben f\u00fcr Sie die sch\u00f6nsten Momente des 17. Internationalen Marken-Kolloquiums mit pers\u00f6nlichen Statements der Referenten und lebhaften Einblicken hinter die Klostermauern in nur f\u00fcnf Minuten zusammengefasst und w\u00fcnschen Ihnen jetzt viel Freude damit:<\/p>\n<p><a href=\"https:\/\/youtu.be\/vQQHDtp6TKA\" target=\"_blank\" rel=\"noopener noreferrer\"><img loading=\"lazy\" class=\"aligncenter wp-image-23986 size-full\" src=\"https:\/\/mandat.de\/de\/wp-content\/uploads\/2020\/10\/imk-film-preview.jpg\" alt=\"\" width=\"982\" height=\"574\" srcset=\"https:\/\/mandat.de\/de\/wp-content\/uploads\/2020\/10\/imk-film-preview.jpg 982w, https:\/\/mandat.de\/de\/wp-content\/uploads\/2020\/10\/imk-film-preview-300x175.jpg 300w, https:\/\/mandat.de\/de\/wp-content\/uploads\/2020\/10\/imk-film-preview-768x449.jpg 768w, https:\/\/mandat.de\/de\/wp-content\/uploads\/2020\/10\/imk-film-preview-705x412.jpg 705w, https:\/\/mandat.de\/de\/wp-content\/uploads\/2020\/10\/imk-film-preview-450x263.jpg 450w\" sizes=\"(max-width: 982px) 100vw, 982px\" \/><\/a><\/p>\n<p style=\"font-weight: 400;\">Klicken Sie einfach auf das Bild oder nutzen Sie diesen Link:\u00a0<a href=\"https:\/\/youtu.be\/vQQHDtp6TKA\" target=\"_blank\" rel=\"noopener noreferrer\">https:\/\/youtu.be\/vQQHDtp6TKA<\/a><\/p>\n<hr \/>\n<p style=\"font-weight: 400;\"><strong>\u201eMarke \u2013 Neues wagen&#8220;<\/strong><\/p>\n<p style=\"font-weight: 400;\">So lautet der Titel f\u00fcr das\u00a0<strong>18. Internationale Marken-Kolloquium 2021<\/strong>.\u00a0Wenn Sie\u00a0das Internationale Marken-Kolloquium 2020 als Gelegenheit zur Weiterentwicklung der eigenen strategischen Ziele und Ihrer Unternehmensmarke nutzen m\u00f6chten, ergreifen Sie jetzt die Gelegenheit\u00a0und melden Sie sich in\u00a0unserem\u00a0<a href=\"https:\/\/www.mandat.de\/de\/shop\/Internationales-Marken-Kolloquium\/\" target=\"_blank\" rel=\"noopener noreferrer\"><strong>Onlineshop<\/strong><\/a> an \u2013\u00a0aktuell noch mit Fr\u00fchbucher-Vorteil in H\u00f6he von 500 Euro.<\/p>\n<p>Wir freuen uns auf Sie\u00a0<strong>am 9. und 10. September 2021<\/strong>\u00a0\u2013 wie immer\u00a0im Kloster Seeon.<\/p>\n<p>Herzlichst,<br \/>\nIhr<\/p>\n<p>Prof. Dr. Guido Quelle<\/p>\n","protected":false},"excerpt":{"rendered":"<p>Wir haben f\u00fcr Sie die sch\u00f6nsten Momente des 17. Internationalen Marken-Kolloquiums mit pers\u00f6nlichen Statements der Referenten und lebhaften Einblicken hinter die Klostermauern in nur f\u00fcnf Minuten zusammengefasst und w\u00fcnschen Ihnen jetzt viel Freude damit: Klicken Sie einfach auf das Bild oder nutzen Sie diesen Link:\u00a0https:\/\/youtu.be\/vQQHDtp6TKA \u201eMarke \u2013 Neues wagen&#8220; So lautet der Titel f\u00fcr das\u00a018. [&hellip;]<\/p>\n","protected":false},"author":1,"featured_media":20530,"comment_status":"closed","ping_status":"closed","sticky":false,"template":"","format":"standard","meta":[],"categories":[45],"tags":[2910,959,3229,1112,1216,1401,3230],"_links":{"self":[{"href":"https:\/\/mandat.de\/de\/wp-json\/wp\/v2\/posts\/23982"}],"collection":[{"href":"https:\/\/mandat.de\/de\/wp-json\/wp\/v2\/posts"}],"about":[{"href":"https:\/\/mandat.de\/de\/wp-json\/wp\/v2\/types\/post"}],"author":[{"embeddable":true,"href":"https:\/\/mandat.de\/de\/wp-json\/wp\/v2\/users\/1"}],"replies":[{"embeddable":true,"href":"https:\/\/mandat.de\/de\/wp-json\/wp\/v2\/comments?post=23982"}],"version-history":[{"count":0,"href":"https:\/\/mandat.de\/de\/wp-json\/wp\/v2\/posts\/23982\/revisions"}],"wp:featuredmedia":[{"embeddable":true,"href":"https:\/\/mandat.de\/de\/wp-json\/wp\/v2\/media\/20530"}],"wp:attachment":[{"href":"https:\/\/mandat.de\/de\/wp-json\/wp\/v2\/media?parent=23982"}],"wp:term":[{"taxonomy":"category","embeddable":true,"href":"https:\/\/mandat.de\/de\/wp-json\/wp\/v2\/categories?post=23982"},{"taxonomy":"post_tag","embeddable":true,"href":"https:\/\/mandat.de\/de\/wp-json\/wp\/v2\/tags?post=23982"}],"curies":[{"name":"wp","href":"https:\/\/api.w.org\/{rel}","templated":true}]}}