{"id":24288,"date":"2020-11-30T07:00:09","date_gmt":"2020-11-30T06:00:09","guid":{"rendered":"https:\/\/mandat.de\/de\/?p=24288"},"modified":"2020-11-27T16:25:00","modified_gmt":"2020-11-27T15:25:00","slug":"mandat-wachstums-wochenstart-nr-449-falsche-annahmen","status":"publish","type":"post","link":"https:\/\/mandat.de\/de\/mandat-wachstums-wochenstart-nr-449-falsche-annahmen\/","title":{"rendered":"Mandat Wachstums-Wochenstart Nr. 449: Falsche Annahmen"},"content":{"rendered":"<p><img loading=\"lazy\" class=\"aligncenter wp-image-23618 size-full\" src=\"https:\/\/mandat.de\/de\/wp-content\/uploads\/2020\/07\/Banner-Wachstums-Wochenstart-Blog.jpg\" alt=\"\" width=\"644\" height=\"208\" srcset=\"https:\/\/mandat.de\/de\/wp-content\/uploads\/2020\/07\/Banner-Wachstums-Wochenstart-Blog.jpg 644w, https:\/\/mandat.de\/de\/wp-content\/uploads\/2020\/07\/Banner-Wachstums-Wochenstart-Blog-300x97.jpg 300w, https:\/\/mandat.de\/de\/wp-content\/uploads\/2020\/07\/Banner-Wachstums-Wochenstart-Blog-450x145.jpg 450w\" sizes=\"(max-width: 644px) 100vw, 644px\" \/><\/p>\n<p><strong>Mandat Wachstums-Wochenstart Nr. 449: Falsche Annahmen<br \/>\n<\/strong><\/p>\n<p>Vor einigen Tagen, beim Friseur.<\/p>\n<p>Meine Friseurin, w\u00e4hrend sie sich so durch meine Corona-Lockdown-Light-M\u00e4hne fr\u00e4st: \u201eUnd? Kommen Sie vor Weihnachten noch einmal her?\u201c<\/p>\n<p>Hm, denke ich, es ist schon Ende November, kurz vor Weihnachten w\u00e4re in vier Wochen, das ist mir fast zu knapp, denn \u00fcblicherweise sind bei mir eher sechs Wochen Abstand eine gute Gr\u00f6\u00dfe. Au\u00dferdem: Vor Weihnachten? Da bricht doch der Laden auseinander. Gut, man muss ohnehin jetzt mit einem Termin arbeiten, aber wenn der Laden voll ist, gibt es Verz\u00f6gerungen, dann muss ich drau\u00dfen warten, och neee \u2026<\/p>\n<p>\u201eIch glaube nicht\u201c, sage ich, noch w\u00e4hrend ich denke, \u201edenn das ist erstens recht nah an diesem Termin und zweitens ist es mir viel zu voll vor Weihnachten.\u201c<\/p>\n<p>\u201eNeiiiiiiiiin\u201c, h\u00f6re ich eine Stimme von gegen\u00fcber.<\/p>\n<p>Ich linse um den Spiegel herum, die Chefin frisiert eine Kundin an einem der gegen\u00fcberliegenden Pl\u00e4tze.<\/p>\n<p>\u201eWie: Nein?\u201c [<em>meine Friseurin lacht<\/em>]<\/p>\n<p>Chefin: \u201eDas denken alle, aber das ist Quatsch.\u201c<\/p>\n<p>\u201eQuatsch?\u201c<\/p>\n<p>\u201eJa, alle denken, wie Sie.\u201c<\/p>\n<p>\u201eUnd dann ist es vor Weihnachten nicht voll?\u201c<\/p>\n<p>\u201eNein, es ist sehr \u00fcbersichtlich. Zu Weihnachten, das ist ein Familienfest, da meinen die Menschen, man muss nicht nur gut, aber nicht ganz besonders gut aussehen. Zu Sylvester, das ist ein Fest mit Freunden, da wollen die Menschen top aussehen. Zwischen Weihnachten und Sylvester ist der Laden voll.\u201c<\/p>\n<p>Man findet mich staunend. Wir sprechen noch ein wenig dar\u00fcber und ich habe ein Thema f\u00fcr diesen Wochenstart.<\/p>\n<p>Denn: <strong>Meine Annahme hat sich durch Erlebtes als unrichtig erwiesen.<\/strong> Ich denke weiter: <strong>Passiert<\/strong> das nicht auch <strong>in unserer beruflichen Praxis laufend?<\/strong> <strong>Wie gehen wir damit um?<\/strong> Wie gehen wir vor allem damit um, <strong>wenn wir die Annahmen nicht regelm\u00e4\u00dfig hinterfragen?<\/strong> Gut, dass meine Friseurin mir kein Gespr\u00e4ch aufdr\u00e4ngt, so kann ich weiter nachdenken.<\/p>\n<p>In unseren Beratungsmandaten arbeiten wir immer mit unseren Klienten daran, unsere Annahmen zum Gegenstand zu artikulieren. Wir schreiben bei der Planung eines Wachstumsprojektes immer auf, wovon das Projektteam ausgeht. Das ist wichtig, damit wir immer vor Augen haben, worauf die Planung basiert.<\/p>\n<p><strong>Was aber, wenn sich Annahmen als falsch oder \u00fcberholt erweisen?<\/strong> Wenn wir dies entdecken, fragen wir uns und das Projektteam regelhaft, <strong>welche Auswirkungen<\/strong> dies <strong>auf das Projekt<\/strong> hat. Dies stellt sicher, dass wir stets aktuell sind mit der Projektplanung und den wichtigen Aktivit\u00e4ten.<\/p>\n<p>Welche Annahmen haben Sie f\u00fcr die Ihnen wirklich wichtigen Rahmenbedingungen, innerhalb derer Sie arbeiten? Schreiben Sie sie auf, sorgen Sie daf\u00fcr, dass implizites Wissen explizit wird. Dies ist ein wesentlicher Wachstumsvorteil. Und dann gehen wir erst einmal alle vor Weihnachten zum Friseur \ud83d\ude42<\/p>\n<p>&nbsp;<\/p>\n<p>Auf eine gute Woche!<\/p>\n<p>Ihr und Euer<\/p>\n<p>Guido Quelle<\/p>\n<p>&nbsp;<\/p>\n<p>&nbsp;<\/p>\n<hr \/>\n<p>Die Frage der Woche:<\/p>\n<p>\u201eWir in unserem Unternehmen hinterfragen die Annahmen, die unserer Strategie zugrundliegen\u2026 \u201c<\/p>\n<p>Um an der Umfrage teilzunehmen klicken Sie einfach auf:\u00a0<a href=\"https:\/\/easy-feedback.de\/wachstumsfrage-der-woche\/1269608\/9WW9Lb\" target=\"_blank\" rel=\"noopener noreferrer\"><strong>Wachstumsfrage der Woche<\/strong><\/a><\/p>\n<p>&nbsp;<\/p>\n<p>In der letzten Woche haben wir gefragt: \u201eIn Bezug auf Ver\u00e4nderungen ist unser Unternehmen \u2026&#8230; \u201c<\/p>\n<p>Ihre Antwort:<\/p>\n<ul>\n<li>mutig: Wir gehen oft grundlegend Neues an, ohne zu wissen, ob es funktioniert. \u2013 42 %<\/li>\n<li>verhalten: Wir ver\u00e4ndern uns dann, wenn wir sicher sind, dass es funktioniert. \u2013 42 %<\/li>\n<li>passiv: Wir ver\u00e4ndern uns \u00fcberwiegend dann, wenn es zwingend erforderlich ist. \u2013 16 %<\/li>\n<\/ul>\n<p>&nbsp;<\/p>\n<p>Balance<\/p>\n<hr \/>\n<p><em>Um jeden Montagmorgen automatisch mit einem Wachstumsimpuls in eine erfolgreiche Woche zu starten, registrieren Sie sich f\u00fcr unseren kostenfreien Mandat Wachstums-Wochenstart in unserem Onlineshop: <\/em><a href=\"https:\/\/www.mandat.de\/de\/shop\/Mandat-Wachstums-Wochenstart\/Anmeldung-zum-Mandat-Wachstums-Wochenstart.html\" target=\"_blank\" rel=\"noopener noreferrer\"><strong>Wachstums-Wochenstart abonnieren<\/strong><\/a><\/p>\n<p>&nbsp;<\/p>\n<p>\u00a9 2020, <a href=\"https:\/\/mandat.de\/de\/ueberuns\/mandat-team\/prof-dr-guido-quelle\/\" target=\"_blank\" rel=\"noopener noreferrer\">Prof. Dr. Guido Quelle<\/a>, Mandat Managementberatung GmbH, Dortmund, London, New York.<br \/>\n\u00a9 Jogger: 241365758 Maridav <a href=\"https:\/\/stock.adobe.com\/de\/images\/start-athlete-ready-to-run-competition-waiting-for-starting-sprinting-fitness-challenge-for-new-year-banner-panorama-ready-for-success\/241365758\" target=\"_blank\" rel=\"noopener noreferrer\">stock.adobe.com<\/a><\/p>\n","protected":false},"excerpt":{"rendered":"<p>Mandat Wachstums-Wochenstart Nr. 449: Falsche Annahmen Vor einigen Tagen, beim Friseur. Meine Friseurin, w\u00e4hrend sie sich so durch meine Corona-Lockdown-Light-M\u00e4hne fr\u00e4st: \u201eUnd? Kommen Sie vor Weihnachten noch einmal her?\u201c Hm, denke ich, es ist schon Ende November, kurz vor Weihnachten w\u00e4re in vier Wochen, das ist mir fast zu knapp, denn \u00fcblicherweise sind bei mir [&hellip;]<\/p>\n","protected":false},"author":16,"featured_media":20044,"comment_status":"closed","ping_status":"closed","sticky":false,"template":"","format":"standard","meta":[],"categories":[62],"tags":[3260,3263,3261,3259,1797,1800,3107,3264,3262,2437,2441],"_links":{"self":[{"href":"https:\/\/mandat.de\/de\/wp-json\/wp\/v2\/posts\/24288"}],"collection":[{"href":"https:\/\/mandat.de\/de\/wp-json\/wp\/v2\/posts"}],"about":[{"href":"https:\/\/mandat.de\/de\/wp-json\/wp\/v2\/types\/post"}],"author":[{"embeddable":true,"href":"https:\/\/mandat.de\/de\/wp-json\/wp\/v2\/users\/16"}],"replies":[{"embeddable":true,"href":"https:\/\/mandat.de\/de\/wp-json\/wp\/v2\/comments?post=24288"}],"version-history":[{"count":0,"href":"https:\/\/mandat.de\/de\/wp-json\/wp\/v2\/posts\/24288\/revisions"}],"wp:featuredmedia":[{"embeddable":true,"href":"https:\/\/mandat.de\/de\/wp-json\/wp\/v2\/media\/20044"}],"wp:attachment":[{"href":"https:\/\/mandat.de\/de\/wp-json\/wp\/v2\/media?parent=24288"}],"wp:term":[{"taxonomy":"category","embeddable":true,"href":"https:\/\/mandat.de\/de\/wp-json\/wp\/v2\/categories?post=24288"},{"taxonomy":"post_tag","embeddable":true,"href":"https:\/\/mandat.de\/de\/wp-json\/wp\/v2\/tags?post=24288"}],"curies":[{"name":"wp","href":"https:\/\/api.w.org\/{rel}","templated":true}]}}