{"id":25895,"date":"2021-01-20T17:04:25","date_gmt":"2021-01-20T16:04:25","guid":{"rendered":"https:\/\/mandat.de\/de\/?p=25895"},"modified":"2021-03-18T16:49:44","modified_gmt":"2021-03-18T15:49:44","slug":"mandat-vertriebs-podcast-der-elefant-im-raum-staffel-2-wie-mache-ich-meinen-b2b-vertrieb-zum-wachstumsmotor","status":"publish","type":"post","link":"https:\/\/mandat.de\/de\/mandat-vertriebs-podcast-der-elefant-im-raum-staffel-2-wie-mache-ich-meinen-b2b-vertrieb-zum-wachstumsmotor\/","title":{"rendered":"Mandat Vertriebs-Podcast: Der Elefant im Raum, Staffel 2 \u201eWie mache ich meinen B2B-Vertrieb zum Wachstumsmotor?\u201c"},"content":{"rendered":"<p>&nbsp;<\/p>\n<p>Wir freuen uns, Ihnen eine ganz <a href=\"https:\/\/mandat.de\/de\/wachstums-know-how\/podcast-formate\/podcast-der-elefant-im-raum\/der-elefant-im-raum-staffel-2\/\"><strong>besondere zweite Staffel unseres Vertriebs-Podcasts <\/strong><\/a>vorstellen zu d\u00fcrfen. In \u00a0aller K\u00fcrze, geht es darum, Sie in zw\u00f6lf kurzen, knackigen Podcast-Folgen dabei zu unterst\u00fctzen, <strong>Ihren B2B Vertrieb zu einem echten Wachstumsmotor<\/strong> zu entwickeln.<\/p>\n<p>Wenn gesundes, profitables Wachstum auf Ihrer Agenda steht, sollte der Vertrieb weit oben auf Ihrer Priorit\u00e4tenliste stehen.<\/p>\n<p>Die Podcast-Serie richtet sich an Unternehmenslenker mit Vertriebsverantwortung und r\u00fcckt jedes Mal einen metaphorischen Elefanten in den Mittelpunkt, der im Raum steht, der auch wirklich im Weg steht, der aber im Tagesgesch\u00e4ft nicht richtig erkannt oder einfach ausgeklammert wird.<\/p>\n<p>Ihre Wachstumsbremsen und Wachstumspotenziale im Vertrieb zu erkennen und wirkungsvoll mit ihnen umzugehen, darum geht es.<\/p>\n<p>Wenn Sie \u2013 v\u00f6llig kostenfrei \u2013 zu den Abonnenten z\u00e4hlen\u00a0m\u00f6chten, klicken Sie einfach auf <strong><a href=\"mailto:fabian.vollberg@mandat.de?subject=Unverbindliche%20Anmeldung%20zur%20Podcast-Serie%20%22Der%20Elefant%20im%20Raum%22\">Antworten<\/a><\/strong> und geben Sie mir einen Hinweis.<\/p>\n<p>Sie brauchen auch nicht den \u201ePodcast im Sack\u201c zu abonnieren \u2013 bei Interesse finden Sie unten stehend bereits einen \u00dcberblick aller Folgen und Themen, die Sie 2021 erwarten.<\/p>\n<p>Klingt das spannend? Dann freue ich mich \u00fcber eine kurze Antwort.<\/p>\n<p>&nbsp;<\/p>\n<p>Herzliche Gr\u00fc\u00dfe,<br \/>\nIhr\u00a0Fabian Vollberg<\/p>\n<p><span style=\"color: #ffffff;\">ccc<\/span><\/p>\n<p><strong>Folgende Themen erwarten Sie in 2021:<\/strong><\/p>\n<p>&nbsp;<\/p>\n<ul>\n<li><strong>Der Auftrag ist nicht genug.<\/strong> Der Vertrieb steht im Spannungsfeld verschiedener Interessen und Vertriebsverantwortung ersch\u00f6pft sich nicht im Umsatz. Es geh\u00f6rt mehr zum gesunden, profitablen Wachstum.<\/li>\n<li><strong>Vertriebsstrategie: Was ist das eigentlich?<\/strong>\u00a0In fast jedem Unternehmen h\u00f6ren wir, es g\u00e4be eine Vertriebsstrategie. Was man darunter versteht und ob die wachstumsentscheidenden Elemente enthalten sind, steht auf einem anderen Blatt.<\/li>\n<li><strong>Vertriebsstrategie: Eckpunkte einer gelungenen Realisierung.<\/strong> Eine Vertriebsstrategie zu haben ist sch\u00f6n aber fruchtlos, wenn sie nicht umgesetzt wird. Die wesentlichen \u201eElefanten\u201c, die einer wirkungsvollen Realisierung im Wege stehen und auch solche, die voranziehen, betrachten wir in dieser Folge.<\/li>\n<li><strong>Marke und Vertrieb: Eine Geschichte voller Missverst\u00e4ndnisse.<\/strong> Jeder, der eine Marke aktiv gestaltet und einen Vertrieb f\u00fchrt, wei\u00df um das Konfliktpotenzial, wenn hier keine wirkungsvolle F\u00fchrung als Bindeglied fungiert. In dieser\u00a0Folge sind Linda und Fabian Vollberg im Gespr\u00e4ch zu diesem Thema.<\/li>\n<li><strong>Vertriebsf\u00fchrung: Balance finden zwischen Struktur und Freiraum.<\/strong> Eine der wesentlichen Herausforderung der Vertriebsf\u00fchrung ist es, Raum f\u00fcr individuelle St\u00e4rken zu geben, sie zu f\u00f6rdern und gleichzeitig ein systematisches Vertriebsvorgehen sicherzustellen. Es gibt keine \u201eewige Balance\u201c, man muss sie immer wieder finden.<\/li>\n<li><strong>Akquise-Pipeline und Vertriebsprozess: Handwerkszeug der Vertriebsarbeit und -f\u00fchrung.<\/strong> Fehlende \u00dcbersicht und unsystematisches Vorgehen geh\u00f6ren zu den gr\u00f6\u00dften Wachstumsbremsen, wenn Marktattraktivit\u00e4t erst einmal gegeben ist.<\/li>\n<li><strong>Vertriebsprozess: H\u00e4ufige Wachstumsbremsen l\u00f6sen. <\/strong>In einem Best-of betrachten wir gemeinsam die gr\u00f6\u00dften und h\u00e4ufigsten Engp\u00e4sse in der Vertriebsarbeit, die uns in den Wachstumsprojekten der vergangenen Monate begegnet sind.<\/li>\n<li><strong>Musterdesign einer vertriebsorientierten Organisation.<\/strong> Nicht nur die Vertriebsorganisation und die Vertriebsprozesse sollten am Markterfolg orientiert sein. Eine Organisation, die insgesamt am Markterfolg ausgerichtet ist, ist das here Ziel. In dieser Folge zeigen wir, wie dies gelingen kann.<\/li>\n<li><strong>Im Gespr\u00e4ch mit dem Entscheider: Blueprint von der Er\u00f6ffnung bis zum Abschluss.<\/strong>Viele vertriebliche Erfolgsfaktoren liegen in den Zwischenschritten zwischen Erst-Kontakt, behutsamem Interesse und der Willenserkl\u00e4rung miteinander zu arbeiten. Das Gespr\u00e4ch mit dem Entscheider ist regelm\u00e4\u00dfig der Schl\u00fcsselfaktor.<\/li>\n<li><strong>Die Vertriebsoffensive: Ein Schlachtplan f\u00fcr besondere Situationen.<\/strong> Wenn eine Leistungssteigerung dringend ben\u00f6tigt oder auch einfach m\u00f6glich ist, reicht kein \u201eweiter so\u201c.<\/li>\n<li><strong>Jahres-R\u00fcckblick und Vertriebsplanung 2022 &#8211; jetzt geht\u00b4s los! <\/strong>Ein wertsch\u00e4tzender und wacher R\u00fcckblick und eine starke (auch inhaltliche!) Planung geh\u00f6ren zusammen. Grund genug, beiden Aspekten Aufmerksamkeit zu schenken.<\/li>\n<li><strong>Vertriebs-Best Practices 2021: R\u00fcckblick auf besondere Projekterfahrungen.<\/strong> Der Name sagt alles. Auch 2021 freuen wir uns auf starke Wachstumsprojekte und besondere Erfahrungen. Ein Best of teilen wir in dieser Folge mit Ihnen.<\/li>\n<\/ul>\n<p><span style=\"color: #ffffff;\">ccc<\/span><\/p>\n<p style=\"text-align: left;\"><b>Das sagen unsere Zuh\u00f6rer<\/b>:<\/p>\n<h3 style=\"text-align: center;\"><strong><img loading=\"lazy\" class=\"size-medium wp-image-25902 alignleft\" src=\"https:\/\/mandat.de\/de\/wp-content\/uploads\/2021\/03\/9ba2df07c8317b4d1a0f271996aa25fa6ed3a5cc-238x300.jpeg\" alt=\"\" width=\"238\" height=\"300\" srcset=\"https:\/\/mandat.de\/de\/wp-content\/uploads\/2021\/03\/9ba2df07c8317b4d1a0f271996aa25fa6ed3a5cc-238x300.jpeg 238w, https:\/\/mandat.de\/de\/wp-content\/uploads\/2021\/03\/9ba2df07c8317b4d1a0f271996aa25fa6ed3a5cc-818x1030.jpeg 818w, https:\/\/mandat.de\/de\/wp-content\/uploads\/2021\/03\/9ba2df07c8317b4d1a0f271996aa25fa6ed3a5cc-768x967.jpeg 768w, https:\/\/mandat.de\/de\/wp-content\/uploads\/2021\/03\/9ba2df07c8317b4d1a0f271996aa25fa6ed3a5cc-1191x1500.jpeg 1191w, https:\/\/mandat.de\/de\/wp-content\/uploads\/2021\/03\/9ba2df07c8317b4d1a0f271996aa25fa6ed3a5cc-560x705.jpeg 560w, https:\/\/mandat.de\/de\/wp-content\/uploads\/2021\/03\/9ba2df07c8317b4d1a0f271996aa25fa6ed3a5cc-450x567.jpeg 450w, https:\/\/mandat.de\/de\/wp-content\/uploads\/2021\/03\/9ba2df07c8317b4d1a0f271996aa25fa6ed3a5cc.jpeg 1200w\" sizes=\"(max-width: 238px) 100vw, 238px\" \/><\/strong><\/h3>\n<h3 style=\"text-align: center;\"><strong>\u201cFabian Vollberg ist Vertrieb. Durch und durch.\u201d<\/strong><\/h3>\n<h6 style=\"text-align: center;\"><span style=\"color: #ffffff;\">ccc<\/span>Christian Wieg, Inhaber, bauingenieur24<\/h6>\n<p><span style=\"color: #ffffff;\">ccc<\/span><\/p>\n<h3 style=\"text-align: center;\"><strong>\u201eIch sch\u00e4tze die neuen Perspektiven, die der Podcast er\u00f6ffnet. <\/strong><strong>Die K\u00fcrze ist prima, die Inhalte sind wertvoll und direkt im eigenen Unternehmen anwendbar.\u201c<\/strong><\/h3>\n<h6 style=\"text-align: center;\"><span style=\"color: #ffffff;\">ccc<\/span>Markus Becker, Gesch\u00e4ftsf\u00fchrender Gesellschafter, Berthold Becker B\u00fcro f\u00fcr Ingenieur- und Tiefbau GmbH<\/h6>\n<p>&nbsp;<\/p>\n<p><span style=\"color: #ffffff;\">ccc<\/span><span style=\"color: #ffffff;\">ccc<\/span><\/p>\n<p>&nbsp;<\/p>\n<hr \/>\n<p>\u00a9 2021, <a href=\"https:\/\/mandat.de\/de\/ueberuns\/mandat-team\/fabian-vollberg\/\" target=\"_blank\" rel=\"noopener noreferrer\">Fabian Vollberg<\/a>, Mandat Managementberatung GmbH, Dortmund, London, New York.<\/p>\n","protected":false},"excerpt":{"rendered":"<p>&nbsp; Wir freuen uns, Ihnen eine ganz besondere zweite Staffel unseres Vertriebs-Podcasts vorstellen zu d\u00fcrfen. In \u00a0aller K\u00fcrze, geht es darum, Sie in zw\u00f6lf kurzen, knackigen Podcast-Folgen dabei zu unterst\u00fctzen, Ihren B2B Vertrieb zu einem echten Wachstumsmotor zu entwickeln. Wenn gesundes, profitables Wachstum auf Ihrer Agenda steht, sollte der Vertrieb weit oben auf Ihrer Priorit\u00e4tenliste [&hellip;]<\/p>\n","protected":false},"author":16,"featured_media":25896,"comment_status":"closed","ping_status":"closed","sticky":false,"template":"","format":"standard","meta":[],"categories":[34,3348,61],"tags":[3349,3352,2768,3351,3354,3353,3350,2388,3355],"_links":{"self":[{"href":"https:\/\/mandat.de\/de\/wp-json\/wp\/v2\/posts\/25895"}],"collection":[{"href":"https:\/\/mandat.de\/de\/wp-json\/wp\/v2\/posts"}],"about":[{"href":"https:\/\/mandat.de\/de\/wp-json\/wp\/v2\/types\/post"}],"author":[{"embeddable":true,"href":"https:\/\/mandat.de\/de\/wp-json\/wp\/v2\/users\/16"}],"replies":[{"embeddable":true,"href":"https:\/\/mandat.de\/de\/wp-json\/wp\/v2\/comments?post=25895"}],"version-history":[{"count":0,"href":"https:\/\/mandat.de\/de\/wp-json\/wp\/v2\/posts\/25895\/revisions"}],"wp:featuredmedia":[{"embeddable":true,"href":"https:\/\/mandat.de\/de\/wp-json\/wp\/v2\/media\/25896"}],"wp:attachment":[{"href":"https:\/\/mandat.de\/de\/wp-json\/wp\/v2\/media?parent=25895"}],"wp:term":[{"taxonomy":"category","embeddable":true,"href":"https:\/\/mandat.de\/de\/wp-json\/wp\/v2\/categories?post=25895"},{"taxonomy":"post_tag","embeddable":true,"href":"https:\/\/mandat.de\/de\/wp-json\/wp\/v2\/tags?post=25895"}],"curies":[{"name":"wp","href":"https:\/\/api.w.org\/{rel}","templated":true}]}}