{"id":26342,"date":"2021-04-12T07:00:02","date_gmt":"2021-04-12T05:00:02","guid":{"rendered":"https:\/\/mandat.de\/de\/?p=26342"},"modified":"2021-04-09T15:33:39","modified_gmt":"2021-04-09T13:33:39","slug":"mandat-wachstums-wochenstart-nr-468-korrelation-und-kausalitaet-wieder-einmal","status":"publish","type":"post","link":"https:\/\/mandat.de\/de\/mandat-wachstums-wochenstart-nr-468-korrelation-und-kausalitaet-wieder-einmal\/","title":{"rendered":"Mandat Wachstums-Wochenstart\u00ae Nr. 468: Korrelation und Kausalit\u00e4t, wieder einmal"},"content":{"rendered":"<p><img loading=\"lazy\" class=\"aligncenter wp-image-23618 size-full\" src=\"https:\/\/mandat.de\/de\/wp-content\/uploads\/2020\/07\/Banner-Wachstums-Wochenstart-Blog.jpg\" alt=\"\" width=\"644\" height=\"208\" srcset=\"https:\/\/mandat.de\/de\/wp-content\/uploads\/2020\/07\/Banner-Wachstums-Wochenstart-Blog.jpg 644w, https:\/\/mandat.de\/de\/wp-content\/uploads\/2020\/07\/Banner-Wachstums-Wochenstart-Blog-300x97.jpg 300w, https:\/\/mandat.de\/de\/wp-content\/uploads\/2020\/07\/Banner-Wachstums-Wochenstart-Blog-450x145.jpg 450w\" sizes=\"(max-width: 644px) 100vw, 644px\" \/><\/p>\n<p><strong>Mandat Wachstums-Wochenstar\u00ae<\/strong><strong> Nr. 468: Korrelation und Kausalit\u00e4t, wieder einmal<br \/>\n<\/strong><\/p>\n<p>Auf Facebook enthielt neulich ein mehrfach kopierter und in Umlauf gebrachter Post das Folgende (die Aufz\u00e4hlungsstruktur habe ich der besseren Lesbarkeit halber eingef\u00fcgt):<\/p>\n<ul>\n<li>\u201eDer Bachelor knutscht sich Sendung um Sendung durch die zahllose Anzahl der von RTL gestellten Frauen&#8230; Zur gleichen Zeit geht ein Kind mit Tr\u00e4nen in den Augen in&#8217;s Bett, weil wieder Mal die Verl\u00e4ngerung der Schulschlie\u00dfung beschlossen wurde und es seine Freunde weiterhin auf unbestimmte Zeit nicht sehen kann&#8230;<\/li>\n<li>[\u2026]<\/li>\n<li>Bei Let&#8217;s Dance wird eng umschlungen getanzt&#8230; Ein paar Stunden vorher kickte ein Junge frustriert und allein einen Fu\u00dfball in das Tor seines geliebten Fu\u00dfballplatzes&#8230;\u201c<\/li>\n<li>[\u2026]<\/li>\n<li>Eventim beschlie\u00dft, vorerst Startdatum noch nicht festgelegt, eine Impfpflicht f\u00fcr alle Veranstaltungen&#8230; Seit Wochen versuchen ein 87-j\u00e4hriger und seine Frau einen Impftermin zu bekommen&#8230;\u201c<\/li>\n<\/ul>\n<p>Ich habe nur drei Beispiele aus dem viel zu langen \u2013 weil schlechten \u2013\u00a0Post kopiert, aber sie dienen mir dazu, heute, in diesem <strong>Wachstums-Wochenstart<\/strong>, eines als besonders wichtig zu pointieren:<\/p>\n<p>Vorsicht bei Dingen, die miteinander in Beziehung gesetzt werden, die aber nichts miteinander zu tun haben. <strong>Vorsicht bei der Vermischung von Korrelation und Kausalit\u00e4t.<\/strong><\/p>\n<p>Es geschieht so h\u00e4ufig, im t\u00e4glichen Leben \u2013 jaja, auch im Business! \u2013, dass Menschen absichtlich oder unbeabsichtigt, Dinge miteinander verbinden, die ein Drama darstellen oder zumindest einen Punkt unterstreichen sollen, die aber durch nichts, Null, miteinander in Verbindung stehen. So haben die Dinge in der obigen Liste exakt gar nichts miteinander zu tun.<\/p>\n<p>Es ist unlauter, so etwas als Untermalung eigener Meinungen zu nutzen. Und billig ist es obendrein.<\/p>\n<p>Vermutlich werden Sie die gleichen Gedanken gehabt haben, wie ich: Durchsichtig, Facebook-Niveau eben, das erkennt doch jeder. Abgesehen davon, dass nicht jeder den fehlenden Zusammenhang erkennt \u2013 als ich darauf hinwies, erhielt ich eine Antwort \u00e0 la \u201eWir leben im Krieg und es wird alles noch schlimmer\u201c, da staunte ich nicht schlecht \u2013, geht es auch viel subtiler, weniger offensichtlich.<\/p>\n<p>Schauen wir also einmal in unsere <strong>Beratungspraxis<\/strong>:<\/p>\n<ul>\n<li>\u201eW\u00e4hrend ich als Vertriebsleiter hier im Meeting sitze, mischt der Vertrieb unseres Wettbewerbs den Markt auf.\u201c<\/li>\n<li>\u201eWir in der Produktion stehen unter laufendem Effizienzdruck und der Vertrieb f\u00e4hrt dicke Autos.\u201c<\/li>\n<li>\u201eW\u00e4hrend die Gesch\u00e4ftsf\u00fchrung dauernd in warmen Meetingr\u00e4umen sitzt und \u00fcber Strategie fabuliert m\u00fcssen wir drau\u00dfen unangenehme Preisgespr\u00e4che bei Kunden f\u00fchren.\u201c<\/li>\n<\/ul>\n<p><strong>Korrelation<\/strong>: Ja, zeitlich, m\u00f6glicherweise. <strong>Kausalit\u00e4t<\/strong>: Null. Aber das ist schon etwas weniger durchsichtig, nicht wahr? Man entdeckt es in der Hitze des Gefechts nicht sofort und ist geneigt, auf den Punkt zu springen. Tun Sie das nicht. Solche Vortr\u00e4ge werden von denen gehalten, die nicht auf Ihrer Mitarbeiterliste stehen sollten, wenn sie es \u00f6fter tun. Mit Mitarbeitern, die solche Vergleiche dauernd herbeif\u00fchren, k\u00f6nnen Sie <strong>Wachstum<\/strong> nicht in der gebotenen Form schaffen.<\/p>\n<p>H\u00f6ren Sie im n\u00e4chsten Meeting genauer hin, weisen Sie darauf hin. Wenn es h\u00e4ufiger vorkommt, ziehen Sie Konsequenzen.<\/p>\n<p>Auf eine gute Woche!<\/p>\n<p>Ihr und Euer<\/p>\n<p>Guido Quelle<\/p>\n<hr \/>\n<p><em>Um jeden Montagmorgen automatisch mit einem Wachstumsimpuls in eine erfolgreiche Woche zu starten, registrieren Sie sich f\u00fcr unseren kostenfreien Mandat Wachstums-Wochenstart in unserem Onlineshop: <\/em><a href=\"https:\/\/www.mandat.de\/de\/shop\/Mandat-Wachstums-Wochenstart\/Anmeldung-zum-Mandat-Wachstums-Wochenstart.html\" target=\"_blank\" rel=\"noopener noreferrer\"><strong>Wachstums-Wochenstart abonnieren<\/strong><\/a><\/p>\n<p>&nbsp;<\/p>\n<p>\u00a9 2021, <a href=\"https:\/\/mandat.de\/de\/ueberuns\/mandat-team\/prof-dr-guido-quelle\/\" target=\"_blank\" rel=\"noopener noreferrer\">Prof. Dr. Guido Quelle<\/a>, Mandat Managementberatung GmbH, Dortmund, London, New York.<br \/>\n\u00a9 Jogger: 241365758 Maridav <a href=\"https:\/\/stock.adobe.com\/de\/images\/start-athlete-ready-to-run-competition-waiting-for-starting-sprinting-fitness-challenge-for-new-year-banner-panorama-ready-for-success\/241365758\" target=\"_blank\" rel=\"noopener noreferrer\">stock.adobe.com<\/a><\/p>\n","protected":false},"excerpt":{"rendered":"<p>Mandat Wachstums-Wochenstar\u00ae Nr. 468: Korrelation und Kausalit\u00e4t, wieder einmal Auf Facebook enthielt neulich ein mehrfach kopierter und in Umlauf gebrachter Post das Folgende (die Aufz\u00e4hlungsstruktur habe ich der besseren Lesbarkeit halber eingef\u00fcgt): \u201eDer Bachelor knutscht sich Sendung um Sendung durch die zahllose Anzahl der von RTL gestellten Frauen&#8230; Zur gleichen Zeit geht ein Kind mit [&hellip;]<\/p>\n","protected":false},"author":16,"featured_media":20044,"comment_status":"closed","ping_status":"closed","sticky":false,"template":"","format":"standard","meta":[],"categories":[62],"tags":[3377,2914,2915,3259,1800,2437,2441],"_links":{"self":[{"href":"https:\/\/mandat.de\/de\/wp-json\/wp\/v2\/posts\/26342"}],"collection":[{"href":"https:\/\/mandat.de\/de\/wp-json\/wp\/v2\/posts"}],"about":[{"href":"https:\/\/mandat.de\/de\/wp-json\/wp\/v2\/types\/post"}],"author":[{"embeddable":true,"href":"https:\/\/mandat.de\/de\/wp-json\/wp\/v2\/users\/16"}],"replies":[{"embeddable":true,"href":"https:\/\/mandat.de\/de\/wp-json\/wp\/v2\/comments?post=26342"}],"version-history":[{"count":0,"href":"https:\/\/mandat.de\/de\/wp-json\/wp\/v2\/posts\/26342\/revisions"}],"wp:featuredmedia":[{"embeddable":true,"href":"https:\/\/mandat.de\/de\/wp-json\/wp\/v2\/media\/20044"}],"wp:attachment":[{"href":"https:\/\/mandat.de\/de\/wp-json\/wp\/v2\/media?parent=26342"}],"wp:term":[{"taxonomy":"category","embeddable":true,"href":"https:\/\/mandat.de\/de\/wp-json\/wp\/v2\/categories?post=26342"},{"taxonomy":"post_tag","embeddable":true,"href":"https:\/\/mandat.de\/de\/wp-json\/wp\/v2\/tags?post=26342"}],"curies":[{"name":"wp","href":"https:\/\/api.w.org\/{rel}","templated":true}]}}