{"id":26697,"date":"2021-06-14T07:00:31","date_gmt":"2021-06-14T05:00:31","guid":{"rendered":"https:\/\/mandat.de\/de\/?p=26697"},"modified":"2021-06-04T17:23:22","modified_gmt":"2021-06-04T15:23:22","slug":"mandat-wachstums-wochenstart-nr-477-nach-corona","status":"publish","type":"post","link":"https:\/\/mandat.de\/de\/mandat-wachstums-wochenstart-nr-477-nach-corona\/","title":{"rendered":"Mandat Wachstums-Wochenstart\u00ae Nr. 477: Nach Corona"},"content":{"rendered":"<p><img loading=\"lazy\" class=\"aligncenter wp-image-23618 size-full\" src=\"https:\/\/mandat.de\/de\/wp-content\/uploads\/2020\/07\/Banner-Wachstums-Wochenstart-Blog.jpg\" alt=\"\" width=\"644\" height=\"208\" srcset=\"https:\/\/mandat.de\/de\/wp-content\/uploads\/2020\/07\/Banner-Wachstums-Wochenstart-Blog.jpg 644w, https:\/\/mandat.de\/de\/wp-content\/uploads\/2020\/07\/Banner-Wachstums-Wochenstart-Blog-300x97.jpg 300w, https:\/\/mandat.de\/de\/wp-content\/uploads\/2020\/07\/Banner-Wachstums-Wochenstart-Blog-450x145.jpg 450w\" sizes=\"(max-width: 644px) 100vw, 644px\" \/><\/p>\n<p><strong>Mandat Wachstums-Wochenstart\u00ae <\/strong><strong>Nr. 477: Nach Corona<br \/>\n<\/strong><\/p>\n<p>Haben Sie schon ein <strong>\u201eNach-Corona-Meeting\u201c<\/strong> geplant? Das war eine Frage in meinem Editorial der Juni 2021-Ausgabe des Mandat Growthletters. Und? Haben Sie? Oder haben Sie es sogar schon durchgef\u00fchrt?<\/p>\n<p>Unser \u201eNach Corona-Meeting\u201c wird am Donnerstag stattfinden. Der Kreis: Mandat-Gesch\u00e4ftsf\u00fchrung. Wir werden uns zun\u00e4chst zu Dritt dar\u00fcber verst\u00e4ndigen, was wir nun, angesichts der absehbaren Entwicklung von der Pandemie zu einem zunehmend endemischen Ph\u00e4nomen, taktisch und strategisch tun werden. Um dies zu verabreden, geh\u00f6rt als erstes unsere Strategie auf den Tisch, denn entweder m\u00fcssen unsere Beschl\u00fcsse sich ja aus der Strategie ableiten, oder wir stellen fest, dass Erg\u00e4nzungen der Strategie oder \u00c4nderungen an der Strategie erforderlich sind.<\/p>\n<p>Fragen, die uns besch\u00e4ftigen werden, sind: Haben wir in der Pandemie Dinge entdeckt, die es unseren Klienten erlauben, noch werthaltiger von unserer Arbeit zu profitieren? Haben wir Formate entdeckt, die weniger Aufwand und gleichen oder h\u00f6heren Nutzen bieten? Haben wir Leistungen entdeckt, die vorher nicht \u201edenkbar\u201c oder nicht akzeptabel erschienen? Haben wir erstrebenswerte und weniger erstrebenswerte Formen der Zusammenarbeit entdeckt, die wir beibehalten oder sofort wieder eliminieren wollen? Was bedeutet die Pandemie (und die auf Zeit absehbare Wahrscheinlichkeit einer erneuten Pandemie) f\u00fcr unsere Unternehmenszukunft?<\/p>\n<p><strong>Wir werden uns dar\u00fcber verst\u00e4ndigen, was wir erneuern wollen, was wir ausbauen wollen, was wir behalten wollen und was wir eliminieren wollen. <\/strong><\/p>\n<p>All das entlang unserer Strategie. Denn daf\u00fcr ist sie ja da, nicht um Papier zu belasten, oder Bildschirmpixel zu f\u00fcllen.<\/p>\n<p>Sollten Sie das \u201eNach-Corona-Meeting\u201c noch nicht geplant haben, tun Sie es jetzt. Sollten Sie es schon durchgef\u00fchrt haben, implementieren Sie die Schl\u00fcsse daraus. Wenn Sie in der Unternehmensf\u00fchrung Einigkeit erzielt haben, binden Sie die Mannschaft ein. Diskutieren und entscheiden Sie. <strong>Leiten Sie alles aus der Strategie ab, damit Sie kongruent sind. <\/strong><\/p>\n<p>Sollten Sie keine fundierte, nachlesbare, dokumentierte, nachvollziehbare Strategie haben, ist es an der Zeit, das dringend zu \u00e4ndern. Unsere Klienten genie\u00dfen immer wieder die Klarheit, die aus der mit uns erarbeiteten Strategie entsteht und die Schnelligkeit, mit der Dinge, die zwischen Unternehmensf\u00fchrung und Fachexperten in der Mitarbeiterschaft errungen werden, umgesetzt werden k\u00f6nnen. Kongruent, verst\u00e4ndlich, verbindlich. Resultat: Wettbewerbsvorteile.<\/p>\n<p>Und diejenigen, die das \u201eNach-Corona-Meeting\u201c schon hatten, d\u00fcrfen mir gern dar\u00fcber berichten.<\/p>\n<p>Auf eine gute Woche!<\/p>\n<p>Ihr und Euer<\/p>\n<p>Guido Quelle<\/p>\n<hr \/>\n<p><em>Um jeden Montagmorgen automatisch mit einem Wachstumsimpuls in eine erfolgreiche Woche zu starten, registrieren Sie sich f\u00fcr unseren kostenfreien Mandat Wachstums-Wochenstart in unserem Onlineshop: <\/em><a href=\"https:\/\/www.mandat.de\/de\/shop\/Mandat-Wachstums-Wochenstart\/Anmeldung-zum-Mandat-Wachstums-Wochenstart.html\" target=\"_blank\" rel=\"noopener noreferrer\"><strong>Wachstums-Wochenstart abonnieren<\/strong><\/a><\/p>\n<p>&nbsp;<\/p>\n<p>\u00a9 2021, <a href=\"https:\/\/mandat.de\/de\/ueberuns\/mandat-team\/prof-dr-guido-quelle\/\" target=\"_blank\" rel=\"noopener noreferrer\">Prof. Dr. Guido Quelle<\/a>, Mandat Managementberatung GmbH, Dortmund, London, New York.<br \/>\n\u00a9 Jogger: 241365758 Maridav <a href=\"https:\/\/stock.adobe.com\/de\/images\/start-athlete-ready-to-run-competition-waiting-for-starting-sprinting-fitness-challenge-for-new-year-banner-panorama-ready-for-success\/241365758\" target=\"_blank\" rel=\"noopener noreferrer\">stock.adobe.com<\/a><\/p>\n","protected":false},"excerpt":{"rendered":"<p>Mandat Wachstums-Wochenstart\u00ae Nr. 477: Nach Corona Haben Sie schon ein \u201eNach-Corona-Meeting\u201c geplant? Das war eine Frage in meinem Editorial der Juni 2021-Ausgabe des Mandat Growthletters. Und? Haben Sie? Oder haben Sie es sogar schon durchgef\u00fchrt? Unser \u201eNach Corona-Meeting\u201c wird am Donnerstag stattfinden. Der Kreis: Mandat-Gesch\u00e4ftsf\u00fchrung. Wir werden uns zun\u00e4chst zu Dritt dar\u00fcber verst\u00e4ndigen, was wir [&hellip;]<\/p>\n","protected":false},"author":16,"featured_media":20044,"comment_status":"closed","ping_status":"closed","sticky":false,"template":"","format":"standard","meta":[],"categories":[62],"tags":[3420,3118,3421,1412,3419,3418,2130,2437,2441],"_links":{"self":[{"href":"https:\/\/mandat.de\/de\/wp-json\/wp\/v2\/posts\/26697"}],"collection":[{"href":"https:\/\/mandat.de\/de\/wp-json\/wp\/v2\/posts"}],"about":[{"href":"https:\/\/mandat.de\/de\/wp-json\/wp\/v2\/types\/post"}],"author":[{"embeddable":true,"href":"https:\/\/mandat.de\/de\/wp-json\/wp\/v2\/users\/16"}],"replies":[{"embeddable":true,"href":"https:\/\/mandat.de\/de\/wp-json\/wp\/v2\/comments?post=26697"}],"version-history":[{"count":0,"href":"https:\/\/mandat.de\/de\/wp-json\/wp\/v2\/posts\/26697\/revisions"}],"wp:featuredmedia":[{"embeddable":true,"href":"https:\/\/mandat.de\/de\/wp-json\/wp\/v2\/media\/20044"}],"wp:attachment":[{"href":"https:\/\/mandat.de\/de\/wp-json\/wp\/v2\/media?parent=26697"}],"wp:term":[{"taxonomy":"category","embeddable":true,"href":"https:\/\/mandat.de\/de\/wp-json\/wp\/v2\/categories?post=26697"},{"taxonomy":"post_tag","embeddable":true,"href":"https:\/\/mandat.de\/de\/wp-json\/wp\/v2\/tags?post=26697"}],"curies":[{"name":"wp","href":"https:\/\/api.w.org\/{rel}","templated":true}]}}