{"id":27055,"date":"2021-08-02T07:00:13","date_gmt":"2021-08-02T05:00:13","guid":{"rendered":"https:\/\/mandat.de\/de\/?p=27055"},"modified":"2021-07-16T10:21:28","modified_gmt":"2021-07-16T08:21:28","slug":"mandat-wachstums-wochenstart-nr-484-analog-digital-und-das-grosse-ganze","status":"publish","type":"post","link":"https:\/\/mandat.de\/de\/mandat-wachstums-wochenstart-nr-484-analog-digital-und-das-grosse-ganze\/","title":{"rendered":"Mandat Wachstums-Wochenstart\u00ae Nr. 484: Analog, digital und das gro\u00dfe Ganze"},"content":{"rendered":"<p><img loading=\"lazy\" class=\"aligncenter wp-image-23618 size-full\" src=\"https:\/\/mandat.de\/de\/wp-content\/uploads\/2020\/07\/Banner-Wachstums-Wochenstart-Blog.jpg\" alt=\"\" width=\"644\" height=\"208\" srcset=\"https:\/\/mandat.de\/de\/wp-content\/uploads\/2020\/07\/Banner-Wachstums-Wochenstart-Blog.jpg 644w, https:\/\/mandat.de\/de\/wp-content\/uploads\/2020\/07\/Banner-Wachstums-Wochenstart-Blog-300x97.jpg 300w, https:\/\/mandat.de\/de\/wp-content\/uploads\/2020\/07\/Banner-Wachstums-Wochenstart-Blog-450x145.jpg 450w\" sizes=\"(max-width: 644px) 100vw, 644px\" \/><\/p>\n<p><strong>Mandat Wachstums-Wochenstart\u00ae <\/strong><strong>Nr. 484: Analog, digital und das gro\u00dfe Ganze<br \/>\n<\/strong><\/p>\n<p>Ich habe fast 110.000 Fotos auf meinem Rechner, alle gut sortiert und das macht es mir recht leicht, Fotos zu finden, sei es zu Personen, zu unseren Hunden oder zu Orten, an denen wir waren. Neulich suchte ich Fotos anl\u00e4sslich des Ruhestands eines von mir sehr gesch\u00e4tzten Menschen, mit dem ich seit weit mehr als 20 Jahren in verschiedenen Ehren\u00e4mtern zusammenarbeite. Es wurden f\u00fcr eine Festschrift Bilder, vor allem aus der Vergangenheit, gesucht.<\/p>\n<p>Kein Problem. Rechner an, Foto-App ge\u00f6ffnet, Suchfunktion strapaziert, lauter Resultate. Doch, Halt! Was war das? Ich kam gar nicht so weit in die Vergangenheit, wie ich wollte. Das erste digitale Foto in meiner Foto-App ist datiert auf den 12. April 2000. 1999 oder fr\u00fcher? Nichtsda.<\/p>\n<p>Gut, dass ich seinerzeit unsere circa zw\u00f6lf- bis f\u00fcnfzehntausend analogen Fotos gescannt hatte \u2013 das war im \u00dcbrigen ein Mehrjahresprojekt. Sie liegen zwar noch nicht in der Foto-App, aber die Fotos sind sauber auf dem Rechner abgelegt. Es handelt sich um Fotos aus buchst\u00e4blich 100 Fotoalben, beginnend in den 1970er Jahren. Ich wurde f\u00fcndig.<\/p>\n<p>Dabei wurde mir eine Dimension klar: 12.000 oder 15.000 Fotos aus etwa 25 Jahren, 110.000 aus den 20 Jahren danach \u2013 bereits ausgemistet, ohne Whatsapp-Fotos, und so fort. Das ist nahezu Faktor 10.<\/p>\n<p><strong>Erinnern Sie sich noch an die analoge Fotografie?<\/strong> Ein 24er oder 36er Film, wir diskutierten \u00fcber die Vor- und Nachteile von Agfa-, Kodak- oder Fujifilmen. Man nahm ein paar Filmrollen mit in den Urlaub, fotografierte ausgesuchte Motive, hatte keinen Schimmer davon, ob das Bild gut geworden ist. Zur\u00fcck aus dem Urlaub: ab zum Drogeriemarkt, Kontaktabz\u00fcge bestellen, um zu sehen, welche Fotos man entwickeln lassen wollte \u2013 zu bemerkenswerten Kosten. Dann der gro\u00dfe Tag, die Fotos kamen in Fototaschen und man schaute sich gemeinsam die Bilder an, eines nach dem anderen, erinnerte sich an die Situation, hatte den ganzen Urlaub vor Augen.<\/p>\n<p><strong>Und heute?<\/strong> Fotos ohne Ende. Sicherheitshalber gleich einige von derselben Situation, noch eine andere Pose, eine andere Perspektive, Sofortkontrolle, das einzige Limit ist der Speicherplatz. Allein im Jahr 2014 wurden laut Statista t\u00e4glich 1,8 Milliarden Fotos auf Facebook, Insta, Snapchat und so fort hochgeladen und wir sind heute sieben Jahre weiter, ich bin sicher, die Fotomenge hat sich exponentiell weiterentwickelt.<\/p>\n<p>Ich wei\u00df nicht, wie es Ihnen geht, aber wir kommen zuhause manchmal kaum dazu, unsere Fotos auszumisten, anzusehen, ihnen Aufmerksamkeit zu widmen. Auch frage ich mich immer wieder, ob Menschen, die in Fu\u00dfballstadien oder Konzertarenen fortw\u00e4hrend filmen, sich diese Clips hinterher noch einmal ansehen. Ich kann von mir sagen, das war bisher selten der Fall und es lohnt sich f\u00fcr mich nicht.<\/p>\n<p>Ich m\u00f6chte gar kein Verhalten bewerten, aber sicher ist eines: Wir k\u00f6nnen die Zeit nicht festhalten. Au\u00dferdem stellen sich mir zahlreiche Fragen, auf die ich noch keine Antwort habe: Erfahren die Augenblicke noch gen\u00fcgend Aufmerksamkeit? Hat sich der Fotografie-Sinn ver\u00e4ndert \u2013 vom Aufnehmen einer Erinnerung hin zum sofortigen Teilen mit anderen, zur Selbstdarstellung? Welche Auswirkung hat der Versuch, die Vergangenheit l\u00fcckenlos in Echtzeit festzuhalten? Verlernen wir den Blick auf das gro\u00dfe Ganze, weil wir die Aufmerksamkeit so oft auf Mikro-Momente lenken und die Anzahl fotografierter Situationen immer gr\u00f6\u00dfer wird?<\/p>\n<p>Ich habe heute weder eine Antwort noch einen konkreten Wachstumsrat f\u00fcr Sie \u2013 doch, vielleicht diesen: <strong>Genie\u00dfen Sie den Moment und behalten Sie das gro\u00dfe Ganze im Auge.<\/strong><\/p>\n<p>Auf eine gute Woche!<\/p>\n<p>Ihr und Euer<\/p>\n<p>Guido Quelle<\/p>\n<hr \/>\n<p><em>Um jeden Montagmorgen automatisch mit einem Wachstumsimpuls in eine erfolgreiche Woche zu starten, registrieren Sie sich f\u00fcr unseren kostenfreien Mandat Wachstums-Wochenstart in unserem Onlineshop: <\/em><a href=\"https:\/\/www.mandat.de\/de\/shop\/Mandat-Wachstums-Wochenstart\/Anmeldung-zum-Mandat-Wachstums-Wochenstart.html\" target=\"_blank\" rel=\"noopener noreferrer\"><strong>Wachstums-Wochenstart abonnieren<\/strong><\/a><\/p>\n<p>&nbsp;<\/p>\n<p>\u00a9 2021, <a href=\"https:\/\/mandat.de\/de\/ueberuns\/mandat-team\/prof-dr-guido-quelle\/\" target=\"_blank\" rel=\"noopener noreferrer\">Prof. Dr. Guido Quelle<\/a>, Mandat Managementberatung GmbH, Dortmund, London, New York.<br \/>\n\u00a9 Jogger: 241365758 Maridav <a href=\"https:\/\/stock.adobe.com\/de\/images\/start-athlete-ready-to-run-competition-waiting-for-starting-sprinting-fitness-challenge-for-new-year-banner-panorama-ready-for-success\/241365758\" target=\"_blank\" rel=\"noopener noreferrer\">stock.adobe.com<\/a><\/p>\n","protected":false},"excerpt":{"rendered":"<p>Mandat Wachstums-Wochenstart\u00ae Nr. 484: Analog, digital und das gro\u00dfe Ganze Ich habe fast 110.000 Fotos auf meinem Rechner, alle gut sortiert und das macht es mir recht leicht, Fotos zu finden, sei es zu Personen, zu unseren Hunden oder zu Orten, an denen wir waren. Neulich suchte ich Fotos anl\u00e4sslich des Ruhestands eines von mir [&hellip;]<\/p>\n","protected":false},"author":16,"featured_media":20044,"comment_status":"closed","ping_status":"closed","sticky":false,"template":"","format":"standard","meta":[],"categories":[62],"tags":[3176,3461,3464,530,3462,3463,959,1018,1412,2437,2441],"_links":{"self":[{"href":"https:\/\/mandat.de\/de\/wp-json\/wp\/v2\/posts\/27055"}],"collection":[{"href":"https:\/\/mandat.de\/de\/wp-json\/wp\/v2\/posts"}],"about":[{"href":"https:\/\/mandat.de\/de\/wp-json\/wp\/v2\/types\/post"}],"author":[{"embeddable":true,"href":"https:\/\/mandat.de\/de\/wp-json\/wp\/v2\/users\/16"}],"replies":[{"embeddable":true,"href":"https:\/\/mandat.de\/de\/wp-json\/wp\/v2\/comments?post=27055"}],"version-history":[{"count":0,"href":"https:\/\/mandat.de\/de\/wp-json\/wp\/v2\/posts\/27055\/revisions"}],"wp:featuredmedia":[{"embeddable":true,"href":"https:\/\/mandat.de\/de\/wp-json\/wp\/v2\/media\/20044"}],"wp:attachment":[{"href":"https:\/\/mandat.de\/de\/wp-json\/wp\/v2\/media?parent=27055"}],"wp:term":[{"taxonomy":"category","embeddable":true,"href":"https:\/\/mandat.de\/de\/wp-json\/wp\/v2\/categories?post=27055"},{"taxonomy":"post_tag","embeddable":true,"href":"https:\/\/mandat.de\/de\/wp-json\/wp\/v2\/tags?post=27055"}],"curies":[{"name":"wp","href":"https:\/\/api.w.org\/{rel}","templated":true}]}}