{"id":27766,"date":"2021-12-17T12:30:26","date_gmt":"2021-12-17T11:30:26","guid":{"rendered":"https:\/\/mandat.de\/de\/?p=27766"},"modified":"2021-12-17T12:31:32","modified_gmt":"2021-12-17T11:31:32","slug":"seeon-news-der-countdown-laeuft","status":"publish","type":"post","link":"https:\/\/mandat.de\/de\/seeon-news-der-countdown-laeuft\/","title":{"rendered":"Seeon News: Der Countdown l\u00e4uft"},"content":{"rendered":"<p>Der Countdown l\u00e4uft. Der Dezember steht nicht nur f\u00fcr Weihnachtsvorfreude und Jahresendspurt, sondern l\u00e4utet auch das Ende unserer Fr\u00fchbucher-Kondition ein.<\/p>\n<p>Die Kalender sind schnell gef\u00fcllt, so dass Sie sich jetzt den<strong>\u00a07. bis 9. September 2022<\/strong>\u00a0f\u00fcr das\u00a0<strong>19. Internationale Marken-Kolloquium<\/strong>\u00a0<strong>\u201eMarke \u2013 Haltung zeigen\u201c<\/strong>\u00a0reservieren sollten\u00a0als Ihre Zeit im neuen Jahr, um am Unternehmen zu arbeiten, die eigene Marke zu sch\u00e4rfen und im Austausch mit erfolgreichen anderen Entscheidern Wachstumsideen zu entwickeln. Sie\u00a0profitieren\u00a0jetzt\u00a0von unserem Fr\u00fchbucher-Vorteil\u00a0in H\u00f6he von 500 Euro\u00a0und von einem sicheren Teilnahmeplatz.<\/p>\n<div>\n<p><img loading=\"lazy\" class=\" wp-image-27767 aligncenter\" src=\"https:\/\/mandat.de\/de\/wp-content\/uploads\/2021\/12\/Kolloquium-Ende-Fru\u0308hbucher-Kondition--300x169.jpg\" alt=\"\" width=\"665\" height=\"375\" srcset=\"https:\/\/mandat.de\/de\/wp-content\/uploads\/2021\/12\/Kolloquium-Ende-Fru\u0308hbucher-Kondition--300x169.jpg 300w, https:\/\/mandat.de\/de\/wp-content\/uploads\/2021\/12\/Kolloquium-Ende-Fru\u0308hbucher-Kondition--1030x580.jpg 1030w, https:\/\/mandat.de\/de\/wp-content\/uploads\/2021\/12\/Kolloquium-Ende-Fru\u0308hbucher-Kondition--768x432.jpg 768w, https:\/\/mandat.de\/de\/wp-content\/uploads\/2021\/12\/Kolloquium-Ende-Fru\u0308hbucher-Kondition--1500x844.jpg 1500w, https:\/\/mandat.de\/de\/wp-content\/uploads\/2021\/12\/Kolloquium-Ende-Fru\u0308hbucher-Kondition--705x397.jpg 705w, https:\/\/mandat.de\/de\/wp-content\/uploads\/2021\/12\/Kolloquium-Ende-Fru\u0308hbucher-Kondition-.jpg 1525w\" sizes=\"(max-width: 665px) 100vw, 665px\" \/><\/p>\n<\/div>\n<p>Herzliche Gr\u00fc\u00dfe, Ihr<br \/>\nProf. Dr. Guido Quelle<\/p>\n<p>&nbsp;<\/p>\n<hr \/>\n<p><strong>19. Internationales Marken-Kolloquium vom 7. bis 9. September 2022 &#8211; jetzt noch\u00a0Fr\u00fchbucher-Vorteil nutzen!<\/strong><\/p>\n<div>Wenn Sie dabei sein m\u00f6chten, registriere Sie sich unbedingt noch in diesem Jahr, um von unserem Fr\u00fchbucher-Vorteil in H\u00f6he von 500 Euro zu profitieren! Ergreifen Sie jetzt die Gelegenheit und melden Sie sich in unserem <a title=\"https:\/\/dmanalytics1.com\/click?u=https%3A%2F%2Fwww.mandat.de%2Fde%2Fshop%2FInternationales-Marken-Kolloquium%2FTeilnahme-am-19-Internationalen-Marken-Kolloquium-Early-Bird-Kondition.html&amp;i=1&amp;d=KrzgYR1zTZuFQQvr31ruIA&amp;e=vanessa.taibbi%40mandat.de&amp;a=Rd2gUnqzTymSacKMxYvJyg&amp;s=3V16FZOfsNA\" contenteditable=\"false\" href=\"https:\/\/dmanalytics1.com\/click?u=https%3A%2F%2Fwww.mandat.de%2Fde%2Fshop%2FInternationales-Marken-Kolloquium%2FTeilnahme-am-19-Internationalen-Marken-Kolloquium-Early-Bird-Kondition.html&amp;i=1&amp;d=KrzgYR1zTZuFQQvr31ruIA&amp;e=vanessa.taibbi%40mandat.de&amp;a=Rd2gUnqzTymSacKMxYvJyg&amp;s=3V16FZOfsNA\" data-dm-link-id=\"1\">Onlineshop<\/a> an oder schreiben an <a title=\"mailto:kerstin.scupin@mandat.de?subject=Anmeldung%20zum%2019.%20Internationalen%20Marken-Kolloquium%202022\" contenteditable=\"false\" href=\"mailto:kerstin.scupin@mandat.de?subject=Anmeldung%20zum%2019.%20Internationalen%20Marken-Kolloquium%202022\" data-dm-link-id=\"2\">Kerstin Scupin<\/a><strong> .<\/strong><\/div>\n<p>&nbsp;<\/p>\n<p><img loading=\"lazy\" class=\"aligncenter size-large wp-image-26717\" src=\"https:\/\/mandat.de\/de\/wp-content\/uploads\/2021\/06\/Seeon-News-Impressionen-1030x221.jpg\" alt=\"\" width=\"1030\" height=\"221\" srcset=\"https:\/\/mandat.de\/de\/wp-content\/uploads\/2021\/06\/Seeon-News-Impressionen-1030x221.jpg 1030w, https:\/\/mandat.de\/de\/wp-content\/uploads\/2021\/06\/Seeon-News-Impressionen-300x65.jpg 300w, https:\/\/mandat.de\/de\/wp-content\/uploads\/2021\/06\/Seeon-News-Impressionen-768x165.jpg 768w, https:\/\/mandat.de\/de\/wp-content\/uploads\/2021\/06\/Seeon-News-Impressionen-705x152.jpg 705w, https:\/\/mandat.de\/de\/wp-content\/uploads\/2021\/06\/Seeon-News-Impressionen-450x97.jpg 450w, https:\/\/mandat.de\/de\/wp-content\/uploads\/2021\/06\/Seeon-News-Impressionen.jpg 1200w\" sizes=\"(max-width: 1030px) 100vw, 1030px\" \/><\/p>\n","protected":false},"excerpt":{"rendered":"<p>Der Countdown l\u00e4uft. Der Dezember steht nicht nur f\u00fcr Weihnachtsvorfreude und Jahresendspurt, sondern l\u00e4utet auch das Ende unserer Fr\u00fchbucher-Kondition ein. Die Kalender sind schnell gef\u00fcllt, so dass Sie sich jetzt den\u00a07. bis 9. September 2022\u00a0f\u00fcr das\u00a019. Internationale Marken-Kolloquium\u00a0\u201eMarke \u2013 Haltung zeigen\u201c\u00a0reservieren sollten\u00a0als Ihre Zeit im neuen Jahr, um am Unternehmen zu arbeiten, die eigene Marke [&hellip;]<\/p>\n","protected":false},"author":16,"featured_media":26721,"comment_status":"closed","ping_status":"closed","sticky":false,"template":"","format":"standard","meta":[],"categories":[45],"tags":[1112,3471,1401,3470,2912],"_links":{"self":[{"href":"https:\/\/mandat.de\/de\/wp-json\/wp\/v2\/posts\/27766"}],"collection":[{"href":"https:\/\/mandat.de\/de\/wp-json\/wp\/v2\/posts"}],"about":[{"href":"https:\/\/mandat.de\/de\/wp-json\/wp\/v2\/types\/post"}],"author":[{"embeddable":true,"href":"https:\/\/mandat.de\/de\/wp-json\/wp\/v2\/users\/16"}],"replies":[{"embeddable":true,"href":"https:\/\/mandat.de\/de\/wp-json\/wp\/v2\/comments?post=27766"}],"version-history":[{"count":0,"href":"https:\/\/mandat.de\/de\/wp-json\/wp\/v2\/posts\/27766\/revisions"}],"wp:featuredmedia":[{"embeddable":true,"href":"https:\/\/mandat.de\/de\/wp-json\/wp\/v2\/media\/26721"}],"wp:attachment":[{"href":"https:\/\/mandat.de\/de\/wp-json\/wp\/v2\/media?parent=27766"}],"wp:term":[{"taxonomy":"category","embeddable":true,"href":"https:\/\/mandat.de\/de\/wp-json\/wp\/v2\/categories?post=27766"},{"taxonomy":"post_tag","embeddable":true,"href":"https:\/\/mandat.de\/de\/wp-json\/wp\/v2\/tags?post=27766"}],"curies":[{"name":"wp","href":"https:\/\/api.w.org\/{rel}","templated":true}]}}