{"id":27819,"date":"2022-01-17T07:00:09","date_gmt":"2022-01-17T06:00:09","guid":{"rendered":"https:\/\/mandat.de\/de\/?p=27819"},"modified":"2022-01-14T14:58:07","modified_gmt":"2022-01-14T13:58:07","slug":"mandat-wachstums-wochenstart-nr-508-achtung-gefahr-passen-sie-auf","status":"publish","type":"post","link":"https:\/\/mandat.de\/de\/mandat-wachstums-wochenstart-nr-508-achtung-gefahr-passen-sie-auf\/","title":{"rendered":"Mandat Wachstums-Wochenstart\u00ae Nr. 508: Achtung: Gefahr, passen Sie auf!"},"content":{"rendered":"<p><img loading=\"lazy\" class=\"aligncenter wp-image-23618 size-full\" src=\"https:\/\/mandat.de\/de\/wp-content\/uploads\/2020\/07\/Banner-Wachstums-Wochenstart-Blog.jpg\" alt=\"\" width=\"644\" height=\"208\" srcset=\"https:\/\/mandat.de\/de\/wp-content\/uploads\/2020\/07\/Banner-Wachstums-Wochenstart-Blog.jpg 644w, https:\/\/mandat.de\/de\/wp-content\/uploads\/2020\/07\/Banner-Wachstums-Wochenstart-Blog-300x97.jpg 300w, https:\/\/mandat.de\/de\/wp-content\/uploads\/2020\/07\/Banner-Wachstums-Wochenstart-Blog-450x145.jpg 450w\" sizes=\"(max-width: 644px) 100vw, 644px\" \/><\/p>\n<p><strong>Mandat Wachstums-Wochenstart\u00ae Nr. 508: Achtung: Gefahr, passen Sie auf!<br \/>\n<\/strong><\/p>\n<p>Ist Ihnen das auch aufgefallen? Es vergeht kein Tag, an dem nicht Dutzende Politiker, Meinungsf\u00fchrer, Verb\u00e4nde, Medien oder sogenannte Experten vor irgendetwas warnen oder alternativ irgendwelche neuen Regelungen, Vorschriften und Gesetze fordern. Meiner Wahrnehmung zufolge steigt die Warn- und Forderungskurve rapide an. Es mag sich dabei um selektive Wahrnehmung handeln, sicher auch durch die Corona-Pandemie verst\u00e4rkt sein, aber mir fiel dies bereits vor \u201eCorona\u201c sehr unangenehm auf.<\/p>\n<p>Warum ist das so?<\/p>\n<p>Wer warnt, kann hinterher sagen: \u201eSiehst Du, habe ich doch gesagt\u201c oder \u201eEin Gl\u00fcck, dass es nicht so schlimm gekommen ist\u201c. Wer nicht warnt, war eben dumm, nicht umsichtig genug, blind f\u00fcr doch offensichtliche Gefahren. Au\u00dferdem: Wenn man etwas Schlimmes annimmt und es wird dann nicht so schlimm, ist das doch toll.<\/p>\n<p>Ist es nicht.<\/p>\n<p>Als Gesch\u00e4ftsf\u00fchrer sind wir heute schon in der Situation, dass wir wahrscheinlich irgendetwas falsch machen, dass wir irgendeine Datenschutz-, Arbeits-, Infektionsschutz-, Steuer-, Compliance- oder sonstige Verordnung \u00fcbersehen und unwissentlich dagegen versto\u00dfen. Es erscheint unm\u00f6glich, alles richtig zu machen. <strong>Wir leben damit, handeln nach bestem Wissen und Gewissen und gem\u00e4\u00df der gebotenen Sorgfalt und das ist auch gut und richtig so, aber wir handeln eben und warten nicht auf die n\u00e4chste Gefahr.<\/strong> W\u00fcrden wir uns n\u00e4mlich permanent damit besch\u00e4ftigen, den Warnern, Mahnern, Gefahrensehern zuzuh\u00f6ren, k\u00e4men wir nicht weiter.<\/p>\n<p>In unserem k\u00fcrzlich zu Ende gegangenen Mandat Jahres-Kick-off 2022, unserer j\u00e4hrlichen 3-t\u00e4gigen Startklausur, haben wir uns voll darauf fokussiert, was in 2022 geschehen wird. Wir haben nicht alle Eventualit\u00e4ten abgeklopft, nicht alle Risiken \u00fcberpr\u00fcft, nicht alle Gefahren durchdekliniert, nicht alle Schwierigkeiten herausgearbeitet. Wir haben uns darauf konzentriert, was sein soll und sein wird und wir haben beschrieben, wie wir zu den von uns gew\u00fcnschten Zielen kommen wollen.<\/p>\n<p><strong>Genau das rate ich Ihnen heute auch \u2013 und dieser Rat korrespondiert mit zwei Aspekten, die ich im Wochenstart immer wieder erw\u00e4hne, n\u00e4mlich mit gesundem Menschenverstand<\/strong> (\u201ecommon sense\u201c, oder, f\u00fcr unsere \u00f6sterreichischen Leser \u201eHausverstand\u201c) <strong>und einem gesunden Urteilsverm\u00f6gen: Ignorieren Sie die Mahner, Schwarzseher, Gefahrenbeschreiber<\/strong>. Ja, auch in Ihrem Unternehmen. Kommentieren Sie sie nicht, ignorieren Sie sie. Zeigen Sie stattdessen auf, wohin die Reise geht, v\u00f6llig egal, ob unterwegs Gefahren lauern oder nicht. Eine gute Vorbereitung ist wichtig, aber \u00dcbervorsicht f\u00fchrt zu Stillstand.<\/p>\n<p><strong>Wachstum entsteht durch Bewegung, nicht durch lautes Mahnen oder aktives Zuwarten.<\/strong><\/p>\n<p>Auf eine gute Woche!<\/p>\n<p>Ihr und Euer<\/p>\n<p>Guido Quelle<\/p>\n<p>&nbsp;<\/p>\n<hr \/>\n<p><em>Um jeden Montagmorgen automatisch mit einem Wachstumsimpuls in eine erfolgreiche Woche zu starten, registrieren Sie sich f\u00fcr unseren kostenfreien Mandat Wachstums-Wochenstart in unserem Onlineshop: <\/em><a href=\"https:\/\/www.mandat.de\/de\/shop\/Mandat-Wachstums-Wochenstart\/Anmeldung-zum-Mandat-Wachstums-Wochenstart.html\" target=\"_blank\" rel=\"noopener noreferrer\"><strong>Wachstums-Wochenstart abonnieren<\/strong><\/a><\/p>\n<p>&nbsp;<\/p>\n<p>\u00a9 2022, <a href=\"https:\/\/mandat.de\/de\/ueberuns\/mandat-team\/prof-dr-guido-quelle\/\" target=\"_blank\" rel=\"noopener noreferrer\">Prof. Dr. Guido Quelle<\/a>, Mandat Managementberatung GmbH, Dortmund, London, New York.<br \/>\n\u00a9 Jogger: 241365758 Maridav <a href=\"https:\/\/stock.adobe.com\/de\/images\/start-athlete-ready-to-run-competition-waiting-for-starting-sprinting-fitness-challenge-for-new-year-banner-panorama-ready-for-success\/241365758\" target=\"_blank\" rel=\"noopener noreferrer\">stock.adobe.com<\/a><\/p>\n","protected":false},"excerpt":{"rendered":"<p>Mandat Wachstums-Wochenstart\u00ae Nr. 508: Achtung: Gefahr, passen Sie auf! Ist Ihnen das auch aufgefallen? Es vergeht kein Tag, an dem nicht Dutzende Politiker, Meinungsf\u00fchrer, Verb\u00e4nde, Medien oder sogenannte Experten vor irgendetwas warnen oder alternativ irgendwelche neuen Regelungen, Vorschriften und Gesetze fordern. Meiner Wahrnehmung zufolge steigt die Warn- und Forderungskurve rapide an. Es mag sich dabei [&hellip;]<\/p>\n","protected":false},"author":16,"featured_media":20044,"comment_status":"closed","ping_status":"closed","sticky":false,"template":"","format":"standard","meta":[],"categories":[62],"tags":[2704,3532,959,980,1412,3534,3533,2328,2437,2441,2711],"_links":{"self":[{"href":"https:\/\/mandat.de\/de\/wp-json\/wp\/v2\/posts\/27819"}],"collection":[{"href":"https:\/\/mandat.de\/de\/wp-json\/wp\/v2\/posts"}],"about":[{"href":"https:\/\/mandat.de\/de\/wp-json\/wp\/v2\/types\/post"}],"author":[{"embeddable":true,"href":"https:\/\/mandat.de\/de\/wp-json\/wp\/v2\/users\/16"}],"replies":[{"embeddable":true,"href":"https:\/\/mandat.de\/de\/wp-json\/wp\/v2\/comments?post=27819"}],"version-history":[{"count":0,"href":"https:\/\/mandat.de\/de\/wp-json\/wp\/v2\/posts\/27819\/revisions"}],"wp:featuredmedia":[{"embeddable":true,"href":"https:\/\/mandat.de\/de\/wp-json\/wp\/v2\/media\/20044"}],"wp:attachment":[{"href":"https:\/\/mandat.de\/de\/wp-json\/wp\/v2\/media?parent=27819"}],"wp:term":[{"taxonomy":"category","embeddable":true,"href":"https:\/\/mandat.de\/de\/wp-json\/wp\/v2\/categories?post=27819"},{"taxonomy":"post_tag","embeddable":true,"href":"https:\/\/mandat.de\/de\/wp-json\/wp\/v2\/tags?post=27819"}],"curies":[{"name":"wp","href":"https:\/\/api.w.org\/{rel}","templated":true}]}}