{"id":29131,"date":"2022-10-10T14:02:55","date_gmt":"2022-10-10T12:02:55","guid":{"rendered":"https:\/\/mandat.de\/de\/?p=29131"},"modified":"2022-10-10T14:21:13","modified_gmt":"2022-10-10T12:21:13","slug":"mandat-wachstums-wochenstart-nr-546-dienen-statt-ververwalten","status":"publish","type":"post","link":"https:\/\/mandat.de\/de\/mandat-wachstums-wochenstart-nr-546-dienen-statt-ververwalten\/","title":{"rendered":"Mandat Wachstums-Wochenstart\u00ae Nr. 546: &#8222;Dienen statt verwalten&#8220;"},"content":{"rendered":"<p><img loading=\"lazy\" class=\"aligncenter wp-image-23618 size-full\" src=\"https:\/\/mandat.de\/de\/wp-content\/uploads\/2020\/07\/Banner-Wachstums-Wochenstart-Blog.jpg\" alt=\"\" width=\"644\" height=\"208\" srcset=\"https:\/\/mandat.de\/de\/wp-content\/uploads\/2020\/07\/Banner-Wachstums-Wochenstart-Blog.jpg 644w, https:\/\/mandat.de\/de\/wp-content\/uploads\/2020\/07\/Banner-Wachstums-Wochenstart-Blog-300x97.jpg 300w, https:\/\/mandat.de\/de\/wp-content\/uploads\/2020\/07\/Banner-Wachstums-Wochenstart-Blog-450x145.jpg 450w\" sizes=\"(max-width: 644px) 100vw, 644px\" \/><\/p>\n<h3>Mandat Wachstums-Wochenstart\u00ae\u00a0Nr.\u00a0546:<\/h3>\n<h3>Dienen statt verwalten<\/h3>\n<p>&nbsp;<\/p>\n<p>Bekommen Sie manchmal Briefe in recht r\u00fcdem Ton von Beh\u00f6rden, die Sie zu irgendeiner Handlung in beh\u00f6rdlichem Deutsch auffordern, inklusive der Androhung von Sanktionen, falls Sie der Handlung nicht nachkommen? Ist es Ihnen auch schon so gegangen, dass Ihnen zu Unrecht ein Schreiben, zum Beispiel eine Mahnung, von einer Beh\u00f6rde zugegangen ist? Haben Sie dann manchmal, nachdem der Vorgang insofern aufgekl\u00e4rt war, dass die Mahnung beispielsweise durch einen internen Fehler unrechtm\u00e4\u00dfig erfolgte, keine weitere Best\u00e4tigung dar\u00fcber bekommen?<\/p>\n<p>\u201eAlles ganz normal\u201c, denken Sie? Nun, wir m\u00f6gen uns daran gew\u00f6hnt haben, aber ein freundlicher Ton hat noch nie geschadet und das Eingest\u00e4ndnis eines internen Fehlers auch nicht. Mein Eindruck ist, dass zahlreiche Beh\u00f6rden vergessen haben, worin ihre Existenzberechtigung liegt: Im B\u00fcrger. Nicht selten sogar darin, dass der B\u00fcrger wirtschaftlich t\u00e4tig ist. Das Herantreten an den zu Verwaltenden, den B\u00fcrger, erfolgt aber oft in einer Art, bei der man staunen kann.<\/p>\n<p>\u201eSo sind sie eben, die Beh\u00f6rden\u201c, m\u00f6gen Sie denken. Mag sein und die Ver\u00e4nderung entzieht sich auch meist unserem Gestaltungsspielraum, aber hier kommt die Analogie zum Unternehmen: Viele Headquarters, Verwaltungen, oder gar \u201eHaupt\u201cverwaltungen, Unternehmenszentralen handeln genauso. Es herrscht nicht selten eine Selbstherrlichkeit, die ihresgleichen sucht. Dienstleistungsgedanke? Fehlanzeige. Serviceorientierung? Kennen wir nicht. Feedback? Keines.<\/p>\n<p>Es wird gern vergessen, dass die Unternehmenszentrale nur daher eine Existenzberechtigung hat, dass jeder Arbeitsplatz dort nur dadurch begr\u00fcndet ist, dass \u201eda drau\u00dfen\u201c, am harten Markt, gelegentlich etwas verkauft wird. So wie ein Finanzamt nur Sinn ergibt, wenn jemand Steuern zahlt, ein Amt nur sinnvoll ist, wenn es genutzt wird, macht eine Verwaltung nur Sinn, wenn irgendwo Wertsch\u00f6pfung stattfindet.<\/p>\n<p>Auch deswegen sagen wir stets: Der Vertrieb ist die wichtigste Einheit. Wir wissen, dass wir damit anecken, aber auch mich als Gesch\u00e4ftsf\u00fchrer betrifft dies: Haben wir keine Beratungsmandate, dann brauchen wir auch keine Gesch\u00e4ftsf\u00fchrung.<\/p>\n<p>Soviel Demut muss sein. Wie sieht\u2019s bei Ihnen aus? Wie dienstleistungsorientiert ist Ihre Unternehmenszentrale?<\/p>\n<p>Auf eine gute Woche!<\/p>\n<p>Ihr und Euer<\/p>\n<p>Guido Quelle<\/p>\n<p>PS: Ich erinnere mich gern an die Projekte mit Klientenunternehmen, um die Leistungen der Unternehmenszentrale besser auf die operativen Einheiten abzustellen. Immer sind dies \u00fcberaus eindrucksvolle und \u00fcberaus wirksame Projekte.<\/p>\n<p>&nbsp;<\/p>\n<p>&nbsp;<\/p>\n<hr \/>\n<p><a href=\"https:\/\/mandat.de\/de\/wachstums-know-how\/mandat-growth-indicator\/online-assessment\/\"><img loading=\"lazy\" class=\"alignleft wp-image-23715 size-full\" src=\"https:\/\/mandat.de\/de\/wp-content\/uploads\/2020\/08\/MGI-Logo-2020.png\" alt=\"\" width=\"639\" height=\"100\" srcset=\"https:\/\/mandat.de\/de\/wp-content\/uploads\/2020\/08\/MGI-Logo-2020.png 639w, https:\/\/mandat.de\/de\/wp-content\/uploads\/2020\/08\/MGI-Logo-2020-300x47.png 300w, https:\/\/mandat.de\/de\/wp-content\/uploads\/2020\/08\/MGI-Logo-2020-450x70.png 450w\" sizes=\"(max-width: 639px) 100vw, 639px\" \/><\/a><\/p>\n<p>Mit dem Mandat Growth Indicator\u00ae starten Sie in eine gezielte Anamnese, um stabile Perspektiven und eine sichere Zukunft f\u00fcr Ihr Unternehmen aufzubauen. Denn seien wir ehrlich: Immer nur Br\u00e4nde zu l\u00f6schen, bringt kein Unternehmen wirklich voran\u2026<\/p>\n<p><a href=\"https:\/\/mandat.de\/de\/wachstums-know-how\/mandat-growth-indicator\/online-assessment\/\">Zum Mandat Growth Indicator\u00ae Online Assessment<\/a><\/p>\n<hr \/>\n<p><em>Um jeden Montagmorgen automatisch mit einem Wachstumsimpuls in eine erfolgreiche Woche zu starten, registrieren Sie sich f\u00fcr unseren kostenfreien Mandat Wachstums-Wochenstart in unserem Onlineshop: <\/em><a href=\"https:\/\/www.mandat.de\/de\/shop\/Mandat-Wachstums-Wochenstart\/Anmeldung-zum-Mandat-Wachstums-Wochenstart.html\" target=\"_blank\" rel=\"noopener noreferrer\"><strong>Wachstums-Wochenstart abonnieren<\/strong><\/a><\/p>\n<p>&nbsp;<\/p>\n<p>\u00a9 2022, <a href=\"https:\/\/mandat.de\/de\/ueberuns\/mandat-team\/prof-dr-guido-quelle\/\" target=\"_blank\" rel=\"noopener noreferrer\">Prof. Dr. Guido Quelle<\/a>, Mandat Managementberatung GmbH, Dortmund, London, New York.<br \/>\n\u00a9 Jogger: 241365758 Maridav <a href=\"https:\/\/stock.adobe.com\/de\/images\/start-athlete-ready-to-run-competition-waiting-for-starting-sprinting-fitness-challenge-for-new-year-banner-panorama-ready-for-success\/241365758\" target=\"_blank\" rel=\"noopener noreferrer\">stock.adobe.com<\/a><\/p>\n","protected":false},"excerpt":{"rendered":"<p>Mandat Wachstums-Wochenstart\u00ae\u00a0Nr.\u00a0546: Dienen statt verwalten &nbsp; Bekommen Sie manchmal Briefe in recht r\u00fcdem Ton von Beh\u00f6rden, die Sie zu irgendeiner Handlung in beh\u00f6rdlichem Deutsch auffordern, inklusive der Androhung von Sanktionen, falls Sie der Handlung nicht nachkommen? Ist es Ihnen auch schon so gegangen, dass Ihnen zu Unrecht ein Schreiben, zum Beispiel eine Mahnung, von einer [&hellip;]<\/p>\n","protected":false},"author":7,"featured_media":20044,"comment_status":"closed","ping_status":"closed","sticky":false,"template":"","format":"standard","meta":[],"categories":[62],"tags":[3634,3633,959,1401,1412,1797,3632,2388,2437,2441],"_links":{"self":[{"href":"https:\/\/mandat.de\/de\/wp-json\/wp\/v2\/posts\/29131"}],"collection":[{"href":"https:\/\/mandat.de\/de\/wp-json\/wp\/v2\/posts"}],"about":[{"href":"https:\/\/mandat.de\/de\/wp-json\/wp\/v2\/types\/post"}],"author":[{"embeddable":true,"href":"https:\/\/mandat.de\/de\/wp-json\/wp\/v2\/users\/7"}],"replies":[{"embeddable":true,"href":"https:\/\/mandat.de\/de\/wp-json\/wp\/v2\/comments?post=29131"}],"version-history":[{"count":0,"href":"https:\/\/mandat.de\/de\/wp-json\/wp\/v2\/posts\/29131\/revisions"}],"wp:featuredmedia":[{"embeddable":true,"href":"https:\/\/mandat.de\/de\/wp-json\/wp\/v2\/media\/20044"}],"wp:attachment":[{"href":"https:\/\/mandat.de\/de\/wp-json\/wp\/v2\/media?parent=29131"}],"wp:term":[{"taxonomy":"category","embeddable":true,"href":"https:\/\/mandat.de\/de\/wp-json\/wp\/v2\/categories?post=29131"},{"taxonomy":"post_tag","embeddable":true,"href":"https:\/\/mandat.de\/de\/wp-json\/wp\/v2\/tags?post=29131"}],"curies":[{"name":"wp","href":"https:\/\/api.w.org\/{rel}","templated":true}]}}