{"id":29515,"date":"2023-02-20T07:00:32","date_gmt":"2023-02-20T06:00:32","guid":{"rendered":"https:\/\/mandat.de\/de\/?p=29515"},"modified":"2023-02-14T13:36:52","modified_gmt":"2023-02-14T12:36:52","slug":"mandat-wachstums-wochenstart-nr-565-die-100-prozent-falle","status":"publish","type":"post","link":"https:\/\/mandat.de\/de\/mandat-wachstums-wochenstart-nr-565-die-100-prozent-falle\/","title":{"rendered":"Mandat Wachstums-Wochenstart\u00ae Nr. 565: Die 100-Prozent-Falle"},"content":{"rendered":"<p>Nach der Berlin-Wahl schrieb ich auf Twitter angesichts der aus meiner Sicht stark verbesserungsw\u00fcrdigen Wahlbeteiligung von nicht einmal zwei Dritteln der Walberechtigten: \u201eWer nicht w\u00e4hlt, sollte seine Kritik an der Politik f\u00fcr sich behalten.\u201c Nat\u00fcrlich wei\u00df ich, was dann geschieht und so kam es auch. Es wurde widersprochen, nicht heftig, nicht h\u00e4ufig, aber eben widersprochen. Das ist in Ordnung, gleichwohl bleibe ich bei meiner Ansicht.<\/p>\n<p>Die Wahl ist ein demokratisches Recht. Bei uns geh\u00f6rt zu diesem demokratischen Recht hinzu, dass man es sich erlauben darf, nicht an der Wahl teilzunehmen. Das finde ich auch in Ordnung. Mein Punkt ist, dass ich nicht wei\u00df, woher diejenigen, die nicht an der Wahl teilnehmen, ihre Kritikberechtigung an der neuen Regierung oder der Opposition ableiten. Sie h\u00e4tten es ja \u00e4ndern k\u00f6nnen, haben sich aber entschieden, dies nicht zu tun.<\/p>\n<p>Nein, die Anzahl der Nichtw\u00e4hler ist im Zweifelsfall kein Signal an die Politik, weil es so oder so eine Regierung und eine Opposition geben wird. Es ist ein Signal des Nicht-Entscheidens und diese Nicht-Entscheidung kommt h\u00e4ufig aus dem, was ich die 100-Prozent-Falle nenne.<\/p>\n<p>Der Wahl-O-Mat ist eine prima Ersthilfe, um sich vor einer Wahl zu informieren, welche Parteiposition der eigenen Position am ehesten entspricht. \u201eAm ehesten\u201c. Es geht also nicht darum, dass eine Partei alle eigenen Meinungen, Positionen und Befindlichkeiten abdeckt, sondern es geht um die Mehrheit der eigenen Meinungen, Positionen und Befindlichkeiten. Dazu sind beim Wahl-O-Mat sogar Gewichtungen m\u00f6glich. Man kommt also in den gestellten Fragen dem eigenen Priorit\u00e4tenbedarf schon sehr nahe.<\/p>\n<p>Ja, nicht jeder kennt den Wahl-O-Mat, viele sind \u201epolitikverdrossen\u201c, aber ein Prinzip ist: Ich finde niemanden, der alle meine Meinungen, Priorit\u00e4ten und Befindlichkeiten abdeckt. Richtig. Das ist n\u00e4mlich nie der Fall. Es gibt keine Perfektion, es gibt keine 100 Prozent. Die 100-Prozent-Falle l\u00e4sst Menschen in der Passivit\u00e4t zur\u00fcck.<\/p>\n<p>Was nehmen wir in unser Thema \u201eWachstum\u201c mit? Nicht nur, dass es erforderlich ist, Menschen mitzunehmen, Dinge zu erkl\u00e4ren, damit sie verstanden werden, sondern auch, dass die 100-Prozent-Falle erkl\u00e4rt, dass viele Entscheidungen nicht getroffen werden, weil eben nicht alle Informationen vorliegen (das wird nie der Fall sein), weil nicht alle gefragt wurden (ist das erforderlich?), weil nicht alle Auswirkungen analysiert wurden (das ist unm\u00f6glich).<\/p>\n<p>Wir sind wieder einmal beim Thema \u201ePerfektion\u201c. Perfektion ist oft genug eine Ausrede. Erst wenn wir perfekt sind, k\u00f6nnen wir die Entscheidung treffen, erst wenn ich perfekt bin, kann ich diesen Vortrag halten, erst wenn \u2026 [erg\u00e4nzen Sie selbst].<\/p>\n<p>Raus aus der 100-Prozent-Falle. Schluss mit der Perfektion. Mehr Mut zu Entscheidungen. Vermitteln Sie das auch an Ihre Mitarbeiter und Sie werden mit internem Wachstum belohnt.<\/p>\n<p>Auf eine gute Woche!<\/p>\n<p>Ihr und Euer<\/p>\n<p>Guido Quelle<\/p>\n<p>&nbsp;<\/p>\n<p>&nbsp;<\/p>\n","protected":false},"excerpt":{"rendered":"<p>Nach der Berlin-Wahl schrieb ich auf Twitter angesichts der aus meiner Sicht stark verbesserungsw\u00fcrdigen Wahlbeteiligung von nicht einmal zwei Dritteln der Walberechtigten: \u201eWer nicht w\u00e4hlt, sollte seine Kritik an der Politik f\u00fcr sich behalten.\u201c Nat\u00fcrlich wei\u00df ich, was dann geschieht und so kam es auch. Es wurde widersprochen, nicht heftig, nicht h\u00e4ufig, aber eben widersprochen. [&hellip;]<\/p>\n","protected":false},"author":7,"featured_media":20044,"comment_status":"closed","ping_status":"closed","sticky":false,"template":"","format":"standard","meta":[],"categories":[62],"tags":[3682,3683,959,1401,1412,1619,2437,2441,3681],"_links":{"self":[{"href":"https:\/\/mandat.de\/de\/wp-json\/wp\/v2\/posts\/29515"}],"collection":[{"href":"https:\/\/mandat.de\/de\/wp-json\/wp\/v2\/posts"}],"about":[{"href":"https:\/\/mandat.de\/de\/wp-json\/wp\/v2\/types\/post"}],"author":[{"embeddable":true,"href":"https:\/\/mandat.de\/de\/wp-json\/wp\/v2\/users\/7"}],"replies":[{"embeddable":true,"href":"https:\/\/mandat.de\/de\/wp-json\/wp\/v2\/comments?post=29515"}],"version-history":[{"count":0,"href":"https:\/\/mandat.de\/de\/wp-json\/wp\/v2\/posts\/29515\/revisions"}],"wp:featuredmedia":[{"embeddable":true,"href":"https:\/\/mandat.de\/de\/wp-json\/wp\/v2\/media\/20044"}],"wp:attachment":[{"href":"https:\/\/mandat.de\/de\/wp-json\/wp\/v2\/media?parent=29515"}],"wp:term":[{"taxonomy":"category","embeddable":true,"href":"https:\/\/mandat.de\/de\/wp-json\/wp\/v2\/categories?post=29515"},{"taxonomy":"post_tag","embeddable":true,"href":"https:\/\/mandat.de\/de\/wp-json\/wp\/v2\/tags?post=29515"}],"curies":[{"name":"wp","href":"https:\/\/api.w.org\/{rel}","templated":true}]}}