{"id":30510,"date":"2024-01-29T07:00:54","date_gmt":"2024-01-29T06:00:54","guid":{"rendered":"https:\/\/mandat.de\/de\/?p=30510"},"modified":"2024-01-25T14:16:23","modified_gmt":"2024-01-25T13:16:23","slug":"mandat-wachstums-wochenstart-nr-614-der-herr-professor-und-die-theorie","status":"publish","type":"post","link":"https:\/\/mandat.de\/de\/mandat-wachstums-wochenstart-nr-614-der-herr-professor-und-die-theorie\/","title":{"rendered":"Mandat Wachstums-Wochenstart\u00ae Nr. 614:Der Herr Professor und die Theorie"},"content":{"rendered":"<p>Ich nehme an, dass niemand vor Vorurteilen gefeit ist. Neulich war ich wieder einmal das Objekt, auf das sich ein Vorurteil richtete. Ich postete etwas auf der Plattform \u201eX\u201c, vormals Twitter, und ein mir unbekannter User antwortete sinngem\u00e4\u00df: \u201eJa, man merkt schon, dass Sie vor allem in der Theorie unterwegs sind \u2026\u201c<\/p>\n<p>Wenn ich so etwas lese, sch\u00fcttele ich grunds\u00e4tzlich mit dem Kopf. Was ist an \u201eUnternehmer\u201c nicht zu verstehen? Das Wort steht in meinem Profil. Was hat der User gemacht? Aus \u201eProfessor\u201c auf \u201eTheorie\u201c geschlossen und erst einmal pauschalen Unfug gepostet.<\/p>\n<p>Jetzt komme mir bitte niemand mit dem Einwand, dass sich auf \u201eX\u201c eben auch viele komische Typen herumtrollen. Das stimmt zwar, aber dieses Beispiel ist eben nur ein Beispiel. Als junger Berater h\u00f6rte ich, dass wir ja erstens zu jung seien und zweitens Berater, also Theoretiker \u2013 in dem Alter hatte ich schon mit mehr Unternehmen gearbeitet als vier F\u00fcnftel der Anwesenden am Tisch. Als seniorer werdender Berater fiel das \u201ejung\u201c weg und die \u201eTheorie\u201c blieb, als promovierter Ingenieur war es der \u201eDoktor\u201c, sp\u00e4ter der \u201eProfessor\u201c, der immer wieder f\u00fcr den Vorhalt der eher theoretischen Betrachtung herhalten musste.<\/p>\n<p>Ich mache mir nichts daraus und gebe auch stets unseren jungen Kollegen mit, dass sie diesen Vorhalt immer wieder h\u00f6ren werden. Wir haben bei Mandat mit mehr als 300 Unternehmen in sicher 600 Beratungsmandaten zusammengearbeitet, zehntausende Menschen haben etwas aus unseren Projekten, Vortr\u00e4gen, Ver\u00f6ffentlichungen mitgenommen, au\u00dferdem f\u00fchren wir ein eigenes Unternehmen und haben ein Start-up gegr\u00fcndet, das steht alles auf der Habenseite, insofern k\u00f6nnen die Menschen uns gern weiter grundlagenbefreite Vorhalte zur \u201eTheorie\u201c machen.<\/p>\n<p>Das meine ich auch nicht \u2013 siehe oben: Es ist nur ein Beispiel. Was ich betonen m\u00f6chte ist, dass niemand vor Vorurteilen, die aus dem \u00e4u\u00dferen Schein kommen, gefeit ist und \u2013 viel wichtiger \u2013, dass diese Vorurteile zu falschen Schl\u00fcssen f\u00fchren. Dies kann unerheblich sein, aber es kann auch existenziell gef\u00e4hrlich werden, wenn es den Kern des Gesch\u00e4fts ber\u00fchrt. Fehlannahmen \u00fcber Kunden und Kundenverhalten aufgrund nicht hinreichend recherchierter Fakten, Fehlannahmen \u00fcber Kollegen, Chefs, Zusammenh\u00e4nge, all das kann ein Unternehmen m\u00e4chtig in die Irre f\u00fchren.<\/p>\n<p>Achten Sie darauf, ob in Ihrem Unternehmen vorschnell Schl\u00fcsse gezogen werden. Nicht alles muss bis ins Detail recherchiert werden, aber das Bauchgef\u00fchl ben\u00f6tigt nicht selten Hilfe durch Ratio, durch Fakten, durch Recherche, durch genaues Lesen.<\/p>\n<p>Auf eine gute Woche, direkt aus der Praxis!<\/p>\n<p>Ihr und Euer<\/p>\n<p>Guido Quelle<\/p>\n<p>&nbsp;<\/p>\n","protected":false},"excerpt":{"rendered":"<p>Ich nehme an, dass niemand vor Vorurteilen gefeit ist. Neulich war ich wieder einmal das Objekt, auf das sich ein Vorurteil richtete. Ich postete etwas auf der Plattform \u201eX\u201c, vormals Twitter, und ein mir unbekannter User antwortete sinngem\u00e4\u00df: \u201eJa, man merkt schon, dass Sie vor allem in der Theorie unterwegs sind \u2026\u201c Wenn ich so [&hellip;]<\/p>\n","protected":false},"author":7,"featured_media":20044,"comment_status":"closed","ping_status":"closed","sticky":false,"template":"","format":"standard","meta":[],"categories":[62],"tags":[959,1401,1412,2747,2316,3650,2437,2441,3814],"_links":{"self":[{"href":"https:\/\/mandat.de\/de\/wp-json\/wp\/v2\/posts\/30510"}],"collection":[{"href":"https:\/\/mandat.de\/de\/wp-json\/wp\/v2\/posts"}],"about":[{"href":"https:\/\/mandat.de\/de\/wp-json\/wp\/v2\/types\/post"}],"author":[{"embeddable":true,"href":"https:\/\/mandat.de\/de\/wp-json\/wp\/v2\/users\/7"}],"replies":[{"embeddable":true,"href":"https:\/\/mandat.de\/de\/wp-json\/wp\/v2\/comments?post=30510"}],"version-history":[{"count":0,"href":"https:\/\/mandat.de\/de\/wp-json\/wp\/v2\/posts\/30510\/revisions"}],"wp:featuredmedia":[{"embeddable":true,"href":"https:\/\/mandat.de\/de\/wp-json\/wp\/v2\/media\/20044"}],"wp:attachment":[{"href":"https:\/\/mandat.de\/de\/wp-json\/wp\/v2\/media?parent=30510"}],"wp:term":[{"taxonomy":"category","embeddable":true,"href":"https:\/\/mandat.de\/de\/wp-json\/wp\/v2\/categories?post=30510"},{"taxonomy":"post_tag","embeddable":true,"href":"https:\/\/mandat.de\/de\/wp-json\/wp\/v2\/tags?post=30510"}],"curies":[{"name":"wp","href":"https:\/\/api.w.org\/{rel}","templated":true}]}}