{"id":5550,"date":"2012-04-10T09:00:28","date_gmt":"2012-04-10T07:00:28","guid":{"rendered":"http:\/\/www.mandat.de\/de\/?p=5550"},"modified":"2012-04-10T09:00:28","modified_gmt":"2012-04-10T07:00:28","slug":"internationales-marken-kolloquium-marke-als-wachstumsmotor","status":"publish","type":"post","link":"https:\/\/mandat.de\/de\/internationales-marken-kolloquium-marke-als-wachstumsmotor\/","title":{"rendered":"Internationales Marken-Kolloquium &#8211; Marke als Wachstumsmotor"},"content":{"rendered":"<p>Das Internationale Marken-Kolloquium im Kloster Seeon im Chiemgau am 6. und 7. September 2012 wird f\u00fcr die Teilnehmer ein voller Erfolg werden, das steht schon heute fest.<\/p>\n<p>Der Grund? Ein enorm spannendes Programm:<\/p>\n<ul>\n<li><strong>Jean-Claude Biver<\/strong>, <strong> <\/strong>Chairman of the Board, Hublot SA, Nyon: \u201eHublot: Tradition und Moderne als Kern des Erfolgs\u201c<\/li>\n<li><strong>Prof. h. c. Manfred Maus<\/strong>,<strong> <\/strong>Gr\u00fcnder, ehem. Vorsitzender des Vorstandes und ehem. Vorsitzender des  Aufsichtsrates OBI AG: \u201eMarke \u2013 Werte \u2013 Unternehmenskultur: Ein  untrennbarer Dreiklang\u201c<\/li>\n<li><strong>Hartmut Jenner<\/strong>,<strong> <\/strong>CEO Alfred K\u00e4rcher GmbH &amp; Co. KG, Winnenden: \u201eK\u00e4rcher \u2013 Die Erfolgsfaktoren eines nachhaltigen Wachstums\u201c<\/li>\n<li><strong>Andreas Mundt<\/strong>, Pr\u00e4sident des Bundeskartellamtes: \u201ePreis- und Markenpflege im Lichte des Wettbewerbsschutzes\u201c<\/li>\n<li><strong>Prof. Carl-Frank Westermann<\/strong>, Gr\u00fcnder und Gesch\u00e4ftsf\u00fchrer der Wesound GmbH, Berlin: \u201eMarke auditiv &#8211; Wie Klang die Markenwahrnehmung pr\u00e4gt\u201c<\/li>\n<li><strong>Dr. Dirk Reinsberg<\/strong>, Gesch\u00e4ftsleitung Marketing WWF Deutschland, Berlin: \u201eMarke ohne Nachhaltigkeit: K\u00f6nnen Sie sich das leisten?\u201c<\/li>\n<li><strong>Prof. Dr. Guido Quelle<\/strong>, Gesch\u00e4ftsf\u00fchrender Gesellschafter Mandat Managementberatung GmbH, Dortmund: \u201eDie Marke als Wachstumsmotor: Der Treibstoff liegt im Hause\u201c<\/li>\n<\/ul>\n<p>\u00dcberdies finden am 6. September 2012, von 08.45 bis 13.00 Uhr, also unmittelbar vor dem Internationalen Marken-Kolloquium, noch zwei Vortr\u00e4ge im kleinen Kreis des Marken-Intensiv-Seminars statt &#8211; ein idealer Einstieg in den ersten Kolloquium-Tag, verbunden mit intensiven Diskussionen:<\/p>\n<ul>\n<li><strong>Peter J. Bachmann<\/strong>, Gr\u00fcnder und Inhaber der Wirtschaftsberatung Signum Forte: \u201eDie Positionierung erweitern und die eigene Marke st\u00e4rken\u201c<\/li>\n<li><strong>Prof. Dr. Guido Quelle<\/strong>, Gesch\u00e4ftsf\u00fchrender Gesellschafter Mandat Managementberatung GmbH, Dortmund: \u201eMarketing und Vertrieb &#8211; Zwei Welten prallen aufeinander\u201c<\/li>\n<\/ul>\n<p>Weitere Informationen gibt es auf der <a href=\"http:\/\/www.markenkolloquium.de\">Website des Internationalen Marken-Kolloquiums<\/a><\/p>\n<p>(c) 2012 Mandat Managementberatung GmbH, Dortmund<\/p>\n<p>&nbsp;<\/p>\n","protected":false},"excerpt":{"rendered":"<p>Das Internationale Marken-Kolloquium im Kloster Seeon im Chiemgau am 6. und 7. September 2012 wird f\u00fcr die Teilnehmer ein voller Erfolg werden, das steht schon heute fest. Der Grund? Ein enorm spannendes Programm: Jean-Claude Biver, Chairman of the Board, Hublot SA, Nyon: \u201eHublot: Tradition und Moderne als Kern des Erfolgs\u201c Prof. h. c. Manfred Maus, [&hellip;]<\/p>\n","protected":false},"author":3,"featured_media":0,"comment_status":"open","ping_status":"open","sticky":false,"template":"","format":"standard","meta":[],"categories":[34,45,50],"tags":[143,388,414,537,959,991,1049,1112,1140,1176,1401,1409,1419,1425,1712,2040,2544,2596],"_links":{"self":[{"href":"https:\/\/mandat.de\/de\/wp-json\/wp\/v2\/posts\/5550"}],"collection":[{"href":"https:\/\/mandat.de\/de\/wp-json\/wp\/v2\/posts"}],"about":[{"href":"https:\/\/mandat.de\/de\/wp-json\/wp\/v2\/types\/post"}],"author":[{"embeddable":true,"href":"https:\/\/mandat.de\/de\/wp-json\/wp\/v2\/users\/3"}],"replies":[{"embeddable":true,"href":"https:\/\/mandat.de\/de\/wp-json\/wp\/v2\/comments?post=5550"}],"version-history":[{"count":0,"href":"https:\/\/mandat.de\/de\/wp-json\/wp\/v2\/posts\/5550\/revisions"}],"wp:attachment":[{"href":"https:\/\/mandat.de\/de\/wp-json\/wp\/v2\/media?parent=5550"}],"wp:term":[{"taxonomy":"category","embeddable":true,"href":"https:\/\/mandat.de\/de\/wp-json\/wp\/v2\/categories?post=5550"},{"taxonomy":"post_tag","embeddable":true,"href":"https:\/\/mandat.de\/de\/wp-json\/wp\/v2\/tags?post=5550"}],"curies":[{"name":"wp","href":"https:\/\/api.w.org\/{rel}","templated":true}]}}