{"id":6008,"date":"2012-07-09T07:00:16","date_gmt":"2012-07-09T05:00:16","guid":{"rendered":"http:\/\/www.mandat.de\/de\/?p=6008"},"modified":"2012-07-09T07:00:16","modified_gmt":"2012-07-09T05:00:16","slug":"der-wachstums-wochenstart-nr-13-danke-ich-kann-das-alleine","status":"publish","type":"post","link":"https:\/\/mandat.de\/de\/der-wachstums-wochenstart-nr-13-danke-ich-kann-das-alleine\/","title":{"rendered":"Der Wachstums-Wochenstart #13 &#8211; &#8222;Danke, ich kann das alleine&#8220;"},"content":{"rendered":"<p>Ihr Fokus in dieser Woche: Suchen Sie sich Unterst\u00fctzung.<\/p>\n<p>Es ist keineswegs heldenhaft, alles alleine tun zu wollen. Zwar ist die Grundhaltung &#8222;Danke, ich kann das alleine&#8220; eine Haltung, die zu einer gewissen Unabh\u00e4ngigkeit f\u00fchrt, aber machen Sie sich nichts vor: Wir alle sind keine vollst\u00e4ndig unabh\u00e4ngigen Menschen, wir ben\u00f6tigen die Unterst\u00fctzung anderer, ob wir es wollen, oder nicht.<\/p>\n<p>Menschen mit einer ausschlie\u00dflichen &#8222;Danke, ich kann das alleine&#8220;-Haltung vergeben h\u00e4ufig Entwicklungspotenziale auf den Gebieten, auf denen sie wirklich stark sind, weil sie die ganze Zeit \u00fcber damit besch\u00e4ftigt sind, &#8222;ales alleine&#8220; zu tun, auch das, was keine Freude macht und was sie eigentlich nur aufh\u00e4lt, denn selbst, wenn diese Menschen &#8222;alles alleine&#8220; k\u00f6nnen, dauert es doch h\u00e4ufig l\u00e4nger, als wenn sich ein Experte um das Eine oder das Andere k\u00fcmmert.<\/p>\n<p>Was also k\u00f6nnen Sie tun, um sich gezielt Unterst\u00fctzung zu sichern? Zun\u00e4chst m\u00fcssen Sie dies wollen, anderenfalls brauchen Sie gar nicht mit der Suche zu starten, denn sonst wird aus &#8222;Danke, ich kann das alleine&#8220; ein &#8222;Danke, ich kann das alleine und ich kann das auch besser&#8220;. Suchen Sie sich in den Gebieten, die nicht Ihren Kernkompetenzen entsprechen Unterst\u00fctzung &#8211; das gilt sowohl im Privaten, als auch im Gesch\u00e4ftlichen.<\/p>\n<p>Denken Sie im Gesch\u00e4ftlichen vor allem auch dar\u00fcber nach, welche Aufgaben sie noch an Mitarbeiter delegieren k\u00f6nnen. Die meisten Mitarbeiter sind gl\u00fccklich, wenn sie zus\u00e4tzlich Verantwortung erhalten.<\/p>\n<p>Auf diese Weise wird aus &#8222;Danke, ich kann das alleine&#8220; ein &#8222;Ich k\u00f6nnte das zwar alleine, aber ich muss es nicht selbst tun.&#8220; &#8211; Das ist viel besser f\u00fcr die eigene Entwicklung.<\/p>\n<p>Ihr <a href=\"\/menu\/ueberuns\/team\/prof-dr-guido-quelle\/\">Guido Quelle<\/a><\/p>\n<p>(c) 2012, Prof. Dr. Guido Quelle, Mandat Managementberatung GmbH<\/p>\n","protected":false},"excerpt":{"rendered":"<p>Ihr Fokus in dieser Woche: Suchen Sie sich Unterst\u00fctzung. Es ist keineswegs heldenhaft, alles alleine tun zu wollen. Zwar ist die Grundhaltung &#8222;Danke, ich kann das alleine&#8220; eine Haltung, die zu einer gewissen Unabh\u00e4ngigkeit f\u00fchrt, aber machen Sie sich nichts vor: Wir alle sind keine vollst\u00e4ndig unabh\u00e4ngigen Menschen, wir ben\u00f6tigen die Unterst\u00fctzung anderer, ob wir [&hellip;]<\/p>\n","protected":false},"author":3,"featured_media":0,"comment_status":"open","ping_status":"open","sticky":false,"template":"","format":"standard","meta":[],"categories":[54,58,62],"tags":[496,959,1401,1409,1707,2441],"_links":{"self":[{"href":"https:\/\/mandat.de\/de\/wp-json\/wp\/v2\/posts\/6008"}],"collection":[{"href":"https:\/\/mandat.de\/de\/wp-json\/wp\/v2\/posts"}],"about":[{"href":"https:\/\/mandat.de\/de\/wp-json\/wp\/v2\/types\/post"}],"author":[{"embeddable":true,"href":"https:\/\/mandat.de\/de\/wp-json\/wp\/v2\/users\/3"}],"replies":[{"embeddable":true,"href":"https:\/\/mandat.de\/de\/wp-json\/wp\/v2\/comments?post=6008"}],"version-history":[{"count":0,"href":"https:\/\/mandat.de\/de\/wp-json\/wp\/v2\/posts\/6008\/revisions"}],"wp:attachment":[{"href":"https:\/\/mandat.de\/de\/wp-json\/wp\/v2\/media?parent=6008"}],"wp:term":[{"taxonomy":"category","embeddable":true,"href":"https:\/\/mandat.de\/de\/wp-json\/wp\/v2\/categories?post=6008"},{"taxonomy":"post_tag","embeddable":true,"href":"https:\/\/mandat.de\/de\/wp-json\/wp\/v2\/tags?post=6008"}],"curies":[{"name":"wp","href":"https:\/\/api.w.org\/{rel}","templated":true}]}}