{"id":6081,"date":"2012-08-01T09:00:04","date_gmt":"2012-08-01T07:00:04","guid":{"rendered":"http:\/\/www.mandat.de\/de\/?p=6081"},"modified":"2012-08-01T09:00:04","modified_gmt":"2012-08-01T07:00:04","slug":"passt-ihre-marktaussage-zu-ihren-leistungen","status":"publish","type":"post","link":"https:\/\/mandat.de\/de\/passt-ihre-marktaussage-zu-ihren-leistungen\/","title":{"rendered":"Passt Ihre Marktaussage zu Ihren Leistungen?"},"content":{"rendered":"<p>&#8222;Nat\u00fcrlich&#8220;, werden die meisten nun sagen, &#8222;nat\u00fcrlich passt unsere Marktaussage zu unseren Leistungen!&#8220; Wirklich? Wann haben Sie zuletzt Ihre eigenen Leistungen auf die Probe gestellt, anonym eine Nachfrage in Ihrem Unternehmen durchgef\u00fchrt, einen Filialbesuch &#8222;undercover&#8220; vorgenommen oder professionelle &#8222;Mystery Shopper&#8220; beauftragt?<\/p>\n<p>Woher nehmen Sie die Gewissheit, dass Marktaussage und Leistungen zueinander passen? Woher wissen Sie, wie Ihre Mitarbeiter auf Kundenanfragen reagieren? Lesen Sie jede E-Mail? Sicher nicht.<\/p>\n<p>Hier sind drei Antworten auf die identische Anfrage, die ich vor kurzem drei unterschiedlichen Unternehmen, die ich s\u00e4mtlich nicht kannte, per E-Mail \u00fcbersandte. Der genaue Gegenstand spielt hier keine Rolle:<\/p>\n<ol>\n<li>\u201cLeider muss ich Ihnen mitteilen, dass wir Musterauftr\u00e4ge solcher Art nicht ausf\u00fchren k\u00f6nnen, da diese einen sehr hohen logistischen und personellen Aufwand bedeuten.\u201d &#8211; es folgte eine lange Begr\u00fcndung, warum das alles kompliziert ist und nicht funktioniert.<\/li>\n<li>\u201cVielen Dank f\u00fcr Ihr Interesse an unseren Produkten. Gerne k\u00f6nnen wir &#8230; exakt nach Ihrem Plan anfertigen. Wir brauchen dazu nur eine Skizze von Ihnen.\u201d<\/li>\n<li>&#8222;Vielen Dank f\u00fcr Ihr Interesse an unseren Produkten. Unsere &#8230; sind in jedem Ma\u00df, jeder Form und jeder Farbe realisierbar. Gerne erstelle ich Ihnen ein Angebot.\u201d<\/li>\n<\/ol>\n<p>Alle drei Anbieter traten im Internet so auf, als k\u00f6nnten Sie alles m\u00f6glich machen. Und obwohl die Antworten 2 und 3 nahe beieinander liegen, ist die dritte Aussage am kr\u00e4ftigsten und dieser Anbieter wird auch den Auftrag erhalten &#8211; einmal ganz abgesehen davon, dass sich der positive Eindruck in der Nachfolge verst\u00e4rkte: Musterteile kamen prompt, das Angebot war pr\u00e4zise, das Antwortverhalten schnell.<\/p>\n<p>Testen Sie, ob Ihre Leistungen und Ihre Marktaussage tats\u00e4chlich korrelieren, oder ob sie stellenweise kollidieren. Sprechen Sie mit Ihren Mitarbeitern dar\u00fcber, was Ihre Marktaussage bedeutet, welches Verhalten dahinter steht und welcher Sprachgebrauch im Unternehmen erw\u00fcnscht ist. Wenn Sie es nicht tun, wer soll es dann tun?<\/p>\n<p>Ihr <a href=\"\/menu\/ueberuns\/team\/prof-dr-guido-quelle\/\">Guido Quelle<\/a><\/p>\n<p>(c) 2012, Prof. Dr. Guido Quelle, Mandat Managementberatung GmbH<\/p>\n","protected":false},"excerpt":{"rendered":"<p>&#8222;Nat\u00fcrlich&#8220;, werden die meisten nun sagen, &#8222;nat\u00fcrlich passt unsere Marktaussage zu unseren Leistungen!&#8220; Wirklich? Wann haben Sie zuletzt Ihre eigenen Leistungen auf die Probe gestellt, anonym eine Nachfrage in Ihrem Unternehmen durchgef\u00fchrt, einen Filialbesuch &#8222;undercover&#8220; vorgenommen oder professionelle &#8222;Mystery Shopper&#8220; beauftragt? Woher nehmen Sie die Gewissheit, dass Marktaussage und Leistungen zueinander passen? Woher wissen Sie, [&hellip;]<\/p>\n","protected":false},"author":3,"featured_media":0,"comment_status":"open","ping_status":"open","sticky":false,"template":"","format":"standard","meta":[],"categories":[58],"tags":[832,959,1338,1401,1409,1451,1800,2130,2437],"_links":{"self":[{"href":"https:\/\/mandat.de\/de\/wp-json\/wp\/v2\/posts\/6081"}],"collection":[{"href":"https:\/\/mandat.de\/de\/wp-json\/wp\/v2\/posts"}],"about":[{"href":"https:\/\/mandat.de\/de\/wp-json\/wp\/v2\/types\/post"}],"author":[{"embeddable":true,"href":"https:\/\/mandat.de\/de\/wp-json\/wp\/v2\/users\/3"}],"replies":[{"embeddable":true,"href":"https:\/\/mandat.de\/de\/wp-json\/wp\/v2\/comments?post=6081"}],"version-history":[{"count":0,"href":"https:\/\/mandat.de\/de\/wp-json\/wp\/v2\/posts\/6081\/revisions"}],"wp:attachment":[{"href":"https:\/\/mandat.de\/de\/wp-json\/wp\/v2\/media?parent=6081"}],"wp:term":[{"taxonomy":"category","embeddable":true,"href":"https:\/\/mandat.de\/de\/wp-json\/wp\/v2\/categories?post=6081"},{"taxonomy":"post_tag","embeddable":true,"href":"https:\/\/mandat.de\/de\/wp-json\/wp\/v2\/tags?post=6081"}],"curies":[{"name":"wp","href":"https:\/\/api.w.org\/{rel}","templated":true}]}}