{"id":6286,"date":"2012-09-14T09:00:52","date_gmt":"2012-09-14T07:00:52","guid":{"rendered":"http:\/\/www.mandat.de\/de\/?p=6286"},"modified":"2012-09-14T09:00:52","modified_gmt":"2012-09-14T07:00:52","slug":"die-personliche-sicht-norgler","status":"publish","type":"post","link":"https:\/\/mandat.de\/de\/die-personliche-sicht-norgler\/","title":{"rendered":"Die pers\u00f6nliche Sicht: N\u00f6rgler"},"content":{"rendered":"<p>Der Sommer bietet in jedem Jahr aufs Neue Anlass, N\u00f6rgler besser zu identifzieren. Der Sommer (oder besser gleich das ganze Wetter) sei in diesem Jahr schlecht, haben wir 2012 und auch 2011 geh\u00f6rt. Fakt ist, dass das Fr\u00fchjahr beider Jahre bereits sommerliche Temperaturen bereithielt, was gern \u00fcbersehen wird.<\/p>\n<p>Ist das Wetter so, wie bei uns in Dortmund im August, mit Temperaturen um die 30 Grad, ist es den N\u00f6rglern schnell &#8222;viel zu hei\u00df&#8220;. Man k\u00f6nne es kaum aushalten.<\/p>\n<p>N\u00f6rgler zeichnen drei Dinge aus:<\/p>\n<ul>\n<li> Sie konzentrieren sich auf Dinge, die sie nicht beeinflussen k\u00f6nnen. Das Wetter ist hier nur eine Facette, das Verhalten anderer Personen eine weitere.<\/li>\n<li> Sie haben eine selektive Wahrnehmung und verschwenden Ihre Zeit mit einer Negativ-Sicht.<\/li>\n<li> Sie verschlie\u00dfen ihr Verhaltens-Repertoire vor Wachstum &#8211; hier: vor dem Umgang mit neuen, nicht \u00e4nderbaren Situationen.<\/li>\n<\/ul>\n<p>&nbsp;<\/p>\n<p>Wohlgemerkt: Ich spreche nicht davon, dass jemand irgendwann einmal bemerkt, dass 40 Grad in der Stadt wirklich hei\u00df sind oder das es einmal genug des Regens w\u00e4re. Es geht um notorische N\u00f6rgler.<\/p>\n<p>Wenn Sie in Ihrem Umfeld solche Menschen haben, gef\u00e4hrden Sie Ihre gute Laune Wenn Sie in Ihrem Unternehmen notorische N\u00f6rgler haben, gef\u00e4hrden Sie Ihr Wachstum.<\/p>\n<p>Ihr <a href=\"\/menu\/ueberuns\/team\/prof-dr-guido-quelle\/\">Guido Quelle<\/a><\/p>\n<p>(c) 2012, Prof. Dr. Guido Quelle, Mandat Managementberatung GmbH<\/p>\n","protected":false},"excerpt":{"rendered":"<p>Der Sommer bietet in jedem Jahr aufs Neue Anlass, N\u00f6rgler besser zu identifzieren. Der Sommer (oder besser gleich das ganze Wetter) sei in diesem Jahr schlecht, haben wir 2012 und auch 2011 geh\u00f6rt. Fakt ist, dass das Fr\u00fchjahr beider Jahre bereits sommerliche Temperaturen bereithielt, was gern \u00fcbersehen wird. Ist das Wetter so, wie bei uns [&hellip;]<\/p>\n","protected":false},"author":3,"featured_media":0,"comment_status":"open","ping_status":"open","sticky":false,"template":"","format":"standard","meta":[],"categories":[42],"tags":[959,1401,1409,1628,1707,1800],"_links":{"self":[{"href":"https:\/\/mandat.de\/de\/wp-json\/wp\/v2\/posts\/6286"}],"collection":[{"href":"https:\/\/mandat.de\/de\/wp-json\/wp\/v2\/posts"}],"about":[{"href":"https:\/\/mandat.de\/de\/wp-json\/wp\/v2\/types\/post"}],"author":[{"embeddable":true,"href":"https:\/\/mandat.de\/de\/wp-json\/wp\/v2\/users\/3"}],"replies":[{"embeddable":true,"href":"https:\/\/mandat.de\/de\/wp-json\/wp\/v2\/comments?post=6286"}],"version-history":[{"count":0,"href":"https:\/\/mandat.de\/de\/wp-json\/wp\/v2\/posts\/6286\/revisions"}],"wp:attachment":[{"href":"https:\/\/mandat.de\/de\/wp-json\/wp\/v2\/media?parent=6286"}],"wp:term":[{"taxonomy":"category","embeddable":true,"href":"https:\/\/mandat.de\/de\/wp-json\/wp\/v2\/categories?post=6286"},{"taxonomy":"post_tag","embeddable":true,"href":"https:\/\/mandat.de\/de\/wp-json\/wp\/v2\/tags?post=6286"}],"curies":[{"name":"wp","href":"https:\/\/api.w.org\/{rel}","templated":true}]}}