{"id":6556,"date":"2012-09-28T09:00:30","date_gmt":"2012-09-28T07:00:30","guid":{"rendered":"http:\/\/www.mandat.de\/de\/?p=6556"},"modified":"2012-09-28T09:00:30","modified_gmt":"2012-09-28T07:00:30","slug":"die-personliche-sicht-kontra-aus-prinzip-ist-unanstandig","status":"publish","type":"post","link":"https:\/\/mandat.de\/de\/die-personliche-sicht-kontra-aus-prinzip-ist-unanstandig\/","title":{"rendered":"Die pers\u00f6nliche Sicht: Kontra aus Prinzip ist unanst\u00e4ndig"},"content":{"rendered":"<p>In der derzeitigen politischen Diskussion &#8211; und ich beobachte das nicht nur in Deutschland, sondern auch in Frankreich, den USA und auch zunehmend in Spanien, wird das &#8222;Kontra&#8220; zum Prinzip erhoben. Man ist gegen etwas, weil der politische Gegner f\u00fcr etwas ist. Dabei spielt es \u00fcberhaupt keine Rolle, ob das, was der politische Gegner vorschl\u00e4gt, m\u00f6glicherweise, bei genauer Hinsicht sogar zweckm\u00e4\u00dfig, unerlaubterweise vielleicht sogar gut sein k\u00f6nnte.<\/p>\n<p>Ich finde dieses Verhalten erstens billig und zweitens habe ich meine Volksvertreter daf\u00fcr gew\u00e4hlt, dass sie zum Wohle der Stadt, des Landes oder des Staates handeln und Schaden abwenden, statt mit prinzipiell kontr\u00e4rem, kindischen, durchsichtigen und unanst\u00e4ndigen Verhalten eben diesen Schaden herbeif\u00fchren. F\u00e4llige Entscheidungen werden blockiert, gute Ma\u00dfnahmen verworfen und sinnvolle Konzepte zerredet, statt sich zusammenzusetzen und einmal die Ideologie an den Nagel zu h\u00e4ngen.<\/p>\n<p>Ich finde dieses Verhalten zunehmend unertr\u00e4glich und verachte Politiker, die keine eigenen Ideen mehr haben, als das Gegenteil vom jeweiligen Gegner. Von mir aus k\u00f6nnen diese Menschen ihr Mandat abgeben und nach Hause gehen. Dort ist genug Platz f\u00fcr ihre Ideologie. Als Volksvertreter h\u00e4tte ich gern Menschen, die f\u00fcr unser Land handeln und nicht f\u00fcr ihre Partei.<\/p>\n<p>Ihr <a href=\"\/menu\/ueberuns\/team\/prof-dr-guido-quelle\/\">Guido Quelle<\/a><\/p>\n<p>(c) 2012, Prof. Dr. Guido Quelle, Mandat Managementberatung GmbH<\/p>\n","protected":false},"excerpt":{"rendered":"<p>In der derzeitigen politischen Diskussion &#8211; und ich beobachte das nicht nur in Deutschland, sondern auch in Frankreich, den USA und auch zunehmend in Spanien, wird das &#8222;Kontra&#8220; zum Prinzip erhoben. Man ist gegen etwas, weil der politische Gegner f\u00fcr etwas ist. Dabei spielt es \u00fcberhaupt keine Rolle, ob das, was der politische Gegner vorschl\u00e4gt, [&hellip;]<\/p>\n","protected":false},"author":3,"featured_media":0,"comment_status":"open","ping_status":"open","sticky":false,"template":"","format":"standard","meta":[],"categories":[42],"tags":[161,959,1069,1401,1409,1742,1773],"_links":{"self":[{"href":"https:\/\/mandat.de\/de\/wp-json\/wp\/v2\/posts\/6556"}],"collection":[{"href":"https:\/\/mandat.de\/de\/wp-json\/wp\/v2\/posts"}],"about":[{"href":"https:\/\/mandat.de\/de\/wp-json\/wp\/v2\/types\/post"}],"author":[{"embeddable":true,"href":"https:\/\/mandat.de\/de\/wp-json\/wp\/v2\/users\/3"}],"replies":[{"embeddable":true,"href":"https:\/\/mandat.de\/de\/wp-json\/wp\/v2\/comments?post=6556"}],"version-history":[{"count":0,"href":"https:\/\/mandat.de\/de\/wp-json\/wp\/v2\/posts\/6556\/revisions"}],"wp:attachment":[{"href":"https:\/\/mandat.de\/de\/wp-json\/wp\/v2\/media?parent=6556"}],"wp:term":[{"taxonomy":"category","embeddable":true,"href":"https:\/\/mandat.de\/de\/wp-json\/wp\/v2\/categories?post=6556"},{"taxonomy":"post_tag","embeddable":true,"href":"https:\/\/mandat.de\/de\/wp-json\/wp\/v2\/tags?post=6556"}],"curies":[{"name":"wp","href":"https:\/\/api.w.org\/{rel}","templated":true}]}}