{"id":6627,"date":"2012-10-05T08:03:43","date_gmt":"2012-10-05T06:03:43","guid":{"rendered":"http:\/\/www.mandat.de\/de\/?p=6627"},"modified":"2012-10-05T08:03:43","modified_gmt":"2012-10-05T06:03:43","slug":"die-personliche-sicht-rednerhonorare-fur-abgeordnete-eine-neiddebatte","status":"publish","type":"post","link":"https:\/\/mandat.de\/de\/die-personliche-sicht-rednerhonorare-fur-abgeordnete-eine-neiddebatte\/","title":{"rendered":"Die pers\u00f6nliche Sicht: Rednerhonorare f\u00fcr Abgeordnete &#8211; eine Neiddebatte"},"content":{"rendered":"<p>Es hat sich in der Zwischenzeit herumgesprochen, dass ich von den Ideen, die von dem politischen Spektrum &#8222;links von der Mitte&#8220;, wie es so sch\u00f6n hei\u00dft, vertreten werden, nur sehr wenig halte. Der Grund: Es ist mir zuviel Bevormundung, zuviel Staat, zuviel Bek\u00fcmmerung im Spiel von Menschen, von denen ich nicht m\u00f6chte, dass sie mich bek\u00fcmmern. Ich kann das alleine. Ich glaube auch nicht, dass die systematische Untergrabung von Leistungspotenzial unserem Staat hilft. Wir brauchen eine Elite, wir brauchen Vorbilder, wir brauchen den Geist, dass Leistung sich lohnt. \u00dcberdies bedeutet Chancengleichheit Gleichheit am Start, nicht am Ende. Aber ich schweife ab.<\/p>\n<p>Peer Steinbr\u00fcck, Kanzlerkandidat der SPD, ist in der Schusslinie der Linken und auch von Abgeordneten anderer Parteien, weil er angeblich \u00fcberh\u00f6hte Bez\u00fcge f\u00fcr Reden erhalten haben soll. Meine Sicht: Wenn ein Abgeordneter weiterhin gewissenhaft seinen Pflichten nachkommt, sich f\u00fcr sein Land einsetzt, in Aussch\u00fcssen arbeitet, inhaltlichen Fortschritt generiert &#8211; all das ist eine notwendige Voraussetzung -, sollte es andere einen Kehricht scheren, was er mit seinen Reden verdient.<\/p>\n<p>Die Aussage irgendeines Linken, dass 7.000 Euro und mehr ja wohl in keinem Gegenwert zu einer Rede st\u00fcnden, strahlt puren Neid aus. Mir sind solche und auch h\u00f6here Honorare nicht fremd und wer sie mir oder anderen nicht zahlen m\u00f6chte, soll es lassen. Derjenige aber, der sie zahlt, erwartet (zurecht) einen Redner, der f\u00fcr den Veranstalter einen Gegenwert darstellt. Dieser Gegenwert muss nicht quantitativ, sondern kann qualitativ sein. Wer das nicht versteht, hat in der Betriebswirtschaft nicht aufgepasst &#8211; achja, ich verga\u00df: Die meisten Abgeordneten haben nie etwas mit Betriebswirtschaftslehre zu tun gehabt, warum auch? Wie w\u00e4re es also mit einer Vorschrift f\u00fcr Rednerhonorare? Oder, wenn wir schon dabei sind, wie w\u00e4re es mit einem &#8222;Rednerhonorarfestsetzungsgesetz&#8220;?<\/p>\n<p>Nein, man mag Peer Steinbr\u00fcck oder die SPD m\u00f6gen oder nicht, man mag seine Meinung teilen oder nicht, aber diese Debatte f\u00fchrt in die Irre, denn sie trifft die Leistungsgesellschaft wieder einmal ins Mark.<\/p>\n<p>Ihr <a href=\"\/menu\/ueberuns\/team\/prof-dr-guido-quelle\/\">Guido Quelle<\/a><\/p>\n<p>(c) 2012, Prof. Dr. Guido Quelle, Mandat Managementberatung GmbH<\/p>\n","protected":false},"excerpt":{"rendered":"<p>Es hat sich in der Zwischenzeit herumgesprochen, dass ich von den Ideen, die von dem politischen Spektrum &#8222;links von der Mitte&#8220;, wie es so sch\u00f6n hei\u00dft, vertreten werden, nur sehr wenig halte. Der Grund: Es ist mir zuviel Bevormundung, zuviel Staat, zuviel Bek\u00fcmmerung im Spiel von Menschen, von denen ich nicht m\u00f6chte, dass sie mich [&hellip;]<\/p>\n","protected":false},"author":3,"featured_media":0,"comment_status":"open","ping_status":"open","sticky":false,"template":"","format":"standard","meta":[],"categories":[42],"tags":[430,523,959,1339,1401,1409,1596,1691,1707,1852,1853,2077,2430],"_links":{"self":[{"href":"https:\/\/mandat.de\/de\/wp-json\/wp\/v2\/posts\/6627"}],"collection":[{"href":"https:\/\/mandat.de\/de\/wp-json\/wp\/v2\/posts"}],"about":[{"href":"https:\/\/mandat.de\/de\/wp-json\/wp\/v2\/types\/post"}],"author":[{"embeddable":true,"href":"https:\/\/mandat.de\/de\/wp-json\/wp\/v2\/users\/3"}],"replies":[{"embeddable":true,"href":"https:\/\/mandat.de\/de\/wp-json\/wp\/v2\/comments?post=6627"}],"version-history":[{"count":0,"href":"https:\/\/mandat.de\/de\/wp-json\/wp\/v2\/posts\/6627\/revisions"}],"wp:attachment":[{"href":"https:\/\/mandat.de\/de\/wp-json\/wp\/v2\/media?parent=6627"}],"wp:term":[{"taxonomy":"category","embeddable":true,"href":"https:\/\/mandat.de\/de\/wp-json\/wp\/v2\/categories?post=6627"},{"taxonomy":"post_tag","embeddable":true,"href":"https:\/\/mandat.de\/de\/wp-json\/wp\/v2\/tags?post=6627"}],"curies":[{"name":"wp","href":"https:\/\/api.w.org\/{rel}","templated":true}]}}