{"id":7644,"date":"2013-02-12T07:00:03","date_gmt":"2013-02-12T06:00:03","guid":{"rendered":"http:\/\/www.mandat.de\/de\/?p=7644"},"modified":"2013-02-12T07:00:03","modified_gmt":"2013-02-12T06:00:03","slug":"american-express-thomas-nau-auf-dem-internationalen-marken-kolloquium","status":"publish","type":"post","link":"https:\/\/mandat.de\/de\/american-express-thomas-nau-auf-dem-internationalen-marken-kolloquium\/","title":{"rendered":"American Express: Thomas Nau auf dem Internationalen Marken-Kolloquium"},"content":{"rendered":"<p>Die Kunden hei\u00dfen &#8222;Mitglieder&#8220;, auf eine Bank ist man nicht angewiesen, denn man ist eine Bank und die Kartenhierarchie macht bei Platinum noch nicht Schluss. Auf dem 10. Internationalen Marken-Kolloquium wird <strong>Thomas Nau, Vice President und General Manager American Express Services Europe Ltd.<\/strong>, \u00fcber die Faszination der Marke &#8222;American Express&#8220; referieren und den Teilnehmern darstellen, wie &#8222;Amex&#8220; auf der H\u00f6he der Zeit bleibt.<\/p>\n<p>Damit ist das Referentenfeld ist um ein weiteres Highlight reicher, denn bisher haben bereits folgende Redner fest zugesagt:<\/p>\n<ul>\n<li><strong>Erich Sixt, Vorsitzender des Vorstandes der Sixt AG<\/strong>, Pullach. Wer Erich Sixt kennt, wei\u00df, dass hier eine Rede entstehen wird, die die Zuh\u00f6rer in den Bann zieht: &#8222;Sixt &#8211; vom Familienunternehmen zum Global Player&#8220; wird das Thema seines Vortrags sein.<\/li>\n<li><strong>Torben Paulin, CEO der BoConcept A\/S, D\u00e4nemark<\/strong>. Das Unternehmen, seit 1952 am Markt, ist mit seinem Ansatz des konsequent Minimalen einer der angesagtesten M\u00f6belhersteller. Paulins Vortrag (bemerkenswerterweise in deutscher Sprache): &#8222;Marke mit Minimum &#8211; aber trotzdem international&#8220;.<\/li>\n<\/ul>\n<p><strong>Early-Bird-Konditionen nur noch bis zum 28. Februar 2013.<\/strong><\/p>\n<p><em>Das 10. Internationale Marken-Kolloquium steht unter dem Jahresthema <strong>&#8222;Marke &#8211; Auf der H\u00f6he der Zeit&#8220;<\/strong> und findet am 12. und 13. September 2013 erneut im Kloster Seeon im Chiemgau statt. Teilnehmer sind Unternehmer, Vorst\u00e4nde, Gesch\u00e4ftsf\u00fchrer und seniorige Manager. Eine hochkar\u00e4tige Veranstaltung im exklusiven Rahmen.<\/em><\/p>\n<p><em><strong> <em> Dr. h.c. Helmut Maucher, Ehrenpr\u00e4sident Nestl\u00e9 AG:<\/em><\/strong><br \/>\n\u201eDas Internationale Marken-Kolloquium zeichnet sich durch drei Dinge aus:<\/em><br \/>\n<em> &#8211; die sch\u00f6ne landschaftliche Umgebung, die sich positiv auf die Atmosph\u00e4re auswirkt<\/em><br \/>\n<em> &#8211; eine sehr sorgf\u00e4ltige Auswahl der Redner<\/em><br \/>\n<em> &#8211; eine ebenso sorgf\u00e4ltige Auswahl der Teilnehmer.\u201d<\/em><\/p>\n<p>Hier gibt es mehr Informationen zum Internationalen Marken-Kolloquium:<br \/>\n<a href=\"http:\/\/markenkolloquium.de\/\">Immer aktuell: Die Website.<\/a><br \/>\n<a href=\"http:\/\/de-de.facebook.com\/pages\/10-Internationales-Marken-Kolloquium-2013\/388279751213173\">Freunde auf Facebook.<\/a><br \/>\n<a href=\"https:\/\/twitter.com\/MKolloquium\">News \u00fcber Twitter.<\/a><br \/>\n<a href=\"http:\/\/www.youtube.com\/results?search_query=Marken-Kolloquium\">Videos auf YouTube.<\/a><\/p>\n<p>(c) 2013, <a href=\"\/menu\/ueberuns\/team\/prof-dr-guido-quelle\/\"> Prof. Dr. Guido Quelle<\/a>, Mandat Managementberatung GmbH<\/p>\n","protected":false},"excerpt":{"rendered":"<p>Die Kunden hei\u00dfen &#8222;Mitglieder&#8220;, auf eine Bank ist man nicht angewiesen, denn man ist eine Bank und die Kartenhierarchie macht bei Platinum noch nicht Schluss. Auf dem 10. Internationalen Marken-Kolloquium wird Thomas Nau, Vice President und General Manager American Express Services Europe Ltd., \u00fcber die Faszination der Marke &#8222;American Express&#8220; referieren und den Teilnehmern darstellen, [&hellip;]<\/p>\n","protected":false},"author":3,"featured_media":0,"comment_status":"open","ping_status":"open","sticky":false,"template":"","format":"standard","meta":[],"categories":[34,45,60],"tags":[137,138,193,342,670,959,1011,1112,1216,1401,1409,1425,2048,2238,2249],"_links":{"self":[{"href":"https:\/\/mandat.de\/de\/wp-json\/wp\/v2\/posts\/7644"}],"collection":[{"href":"https:\/\/mandat.de\/de\/wp-json\/wp\/v2\/posts"}],"about":[{"href":"https:\/\/mandat.de\/de\/wp-json\/wp\/v2\/types\/post"}],"author":[{"embeddable":true,"href":"https:\/\/mandat.de\/de\/wp-json\/wp\/v2\/users\/3"}],"replies":[{"embeddable":true,"href":"https:\/\/mandat.de\/de\/wp-json\/wp\/v2\/comments?post=7644"}],"version-history":[{"count":0,"href":"https:\/\/mandat.de\/de\/wp-json\/wp\/v2\/posts\/7644\/revisions"}],"wp:attachment":[{"href":"https:\/\/mandat.de\/de\/wp-json\/wp\/v2\/media?parent=7644"}],"wp:term":[{"taxonomy":"category","embeddable":true,"href":"https:\/\/mandat.de\/de\/wp-json\/wp\/v2\/categories?post=7644"},{"taxonomy":"post_tag","embeddable":true,"href":"https:\/\/mandat.de\/de\/wp-json\/wp\/v2\/tags?post=7644"}],"curies":[{"name":"wp","href":"https:\/\/api.w.org\/{rel}","templated":true}]}}