{"id":8528,"date":"2013-05-24T07:00:31","date_gmt":"2013-05-24T05:00:31","guid":{"rendered":"http:\/\/www.mandat.de\/de\/?p=8528"},"modified":"2013-05-24T07:00:31","modified_gmt":"2013-05-24T05:00:31","slug":"die-personliche-sicht-das-gejammer-muss-aufhoren","status":"publish","type":"post","link":"https:\/\/mandat.de\/de\/die-personliche-sicht-das-gejammer-muss-aufhoren\/","title":{"rendered":"Die pers\u00f6nliche Sicht: Das Gejammer muss aufh\u00f6ren!"},"content":{"rendered":"<p>Es sind immer die anderen. Die unf\u00e4hige Politik, der b\u00f6se Arbeitgeber, die widerspenstigen Kollegen, die doofen Kunden, die zu neugierigen Nachbarn oder das immer unpassende Wetter. Irgendwer anderes ist Schuld an unserem Ungl\u00fcck. Falsch! Unabh\u00e4ngig davon, ob wir gl\u00fccklich oder ungl\u00fccklich sind: Wir sind diejenigen, die unser Schicksal in die Hand nehmen m\u00fcssen.<\/p>\n<p>Das Gejammer nervt. Leider wird es immer lauter. Haben wir schon vergessen, wie wertvoll es ist, dass wir eine enorm gro\u00dfe Freiheit haben? Oder ist das Risiko der Freiheit zu gr0\u00df? Warum sonst werden die Rufe nach immer mehr Staat immer lauter? Hier sind Nachrichten: Der Staat wird es nicht richten. Wir sind (!) der Staat. Schon vergessen? Wollen wir wirklich zur\u00fcck in DDR-Verh\u00e4ltnisse? Das hat schonmal nicht funktioniert.<\/p>\n<p>Nein, wenn wir wirklich wachsen wollen, m\u00fcssen wir erkennen, dass erstens die \u00dcbernahme von \u00fcberschaubarem Risiko eine hohe Sicherheit darstellt und wir zweitens ma\u00dfgeblich allein verantwortlich f\u00fcr unseren Erfolg sind. Erfolg und Misserfolg werden deutlich dadurch definiert, wie Menschen auf eingetretene Situationen reagieren. Die eingetretene Situation ist, wie sie ist. Unsere Reaktion darauf entscheidet, wie es weitergeht. Wenn wir die Schuld auf die anderen schieben und weiterjammern, verzehrt dies unsere Energie. Wenn wir die Situation akzeptieren und in\u00a0 einen Handlungsmodus kommen, bringt uns dies voran.<\/p>\n<p>Es geht uns gut. H\u00f6ren wir also auf, zu jammern.<\/p>\n<p>(c) 2013, <a href=\"\/menu\/ueberuns\/team\/prof-dr-guido-quelle\/\"> Prof. Dr. Guido Quelle<\/a>, Mandat Managementberatung GmbH<\/p>\n","protected":false},"excerpt":{"rendered":"<p>Es sind immer die anderen. Die unf\u00e4hige Politik, der b\u00f6se Arbeitgeber, die widerspenstigen Kollegen, die doofen Kunden, die zu neugierigen Nachbarn oder das immer unpassende Wetter. Irgendwer anderes ist Schuld an unserem Ungl\u00fcck. Falsch! Unabh\u00e4ngig davon, ob wir gl\u00fccklich oder ungl\u00fccklich sind: Wir sind diejenigen, die unser Schicksal in die Hand nehmen m\u00fcssen. Das Gejammer [&hellip;]<\/p>\n","protected":false},"author":3,"featured_media":0,"comment_status":"open","ping_status":"open","sticky":false,"template":"","format":"standard","meta":[],"categories":[42,54],"tags":[491,608,807,959,980,1401,1409,1707,1742,1983,2437,2554],"_links":{"self":[{"href":"https:\/\/mandat.de\/de\/wp-json\/wp\/v2\/posts\/8528"}],"collection":[{"href":"https:\/\/mandat.de\/de\/wp-json\/wp\/v2\/posts"}],"about":[{"href":"https:\/\/mandat.de\/de\/wp-json\/wp\/v2\/types\/post"}],"author":[{"embeddable":true,"href":"https:\/\/mandat.de\/de\/wp-json\/wp\/v2\/users\/3"}],"replies":[{"embeddable":true,"href":"https:\/\/mandat.de\/de\/wp-json\/wp\/v2\/comments?post=8528"}],"version-history":[{"count":0,"href":"https:\/\/mandat.de\/de\/wp-json\/wp\/v2\/posts\/8528\/revisions"}],"wp:attachment":[{"href":"https:\/\/mandat.de\/de\/wp-json\/wp\/v2\/media?parent=8528"}],"wp:term":[{"taxonomy":"category","embeddable":true,"href":"https:\/\/mandat.de\/de\/wp-json\/wp\/v2\/categories?post=8528"},{"taxonomy":"post_tag","embeddable":true,"href":"https:\/\/mandat.de\/de\/wp-json\/wp\/v2\/tags?post=8528"}],"curies":[{"name":"wp","href":"https:\/\/api.w.org\/{rel}","templated":true}]}}