{"id":8592,"date":"2013-05-23T15:00:25","date_gmt":"2013-05-23T13:00:25","guid":{"rendered":"http:\/\/www.mandat.de\/de\/?p=8592"},"modified":"2013-05-23T15:00:25","modified_gmt":"2013-05-23T13:00:25","slug":"power-tag-fur-beratende-ingenieure","status":"publish","type":"post","link":"https:\/\/mandat.de\/de\/power-tag-fur-beratende-ingenieure\/","title":{"rendered":"Power-Tag f\u00fcr beratende Ingenieure"},"content":{"rendered":"<p>Ich veranstalte genau einmal in diesem Jahr einen &#8222;Power-Tag&#8220;, speziell f\u00fcr beratende Ingenieure:<\/p>\n<p><strong>30. Oktober 2013, 10.00 bis 17.00 Uhr<br \/>\nK\u00f6ln, der genaue Veranstaltungsort wird noch bekanntgegeben <\/strong><\/p>\n<p>Beratende Ingenieure sind meist hochkar\u00e4tige Experten in ihrem Fachgebiet. Die Kraft aus dieser Fachexpertise kommt aber nur dann richtig auf die Stra\u00dfe, wenn es gelingt, Fach-, Marketing- und Selbstf\u00fchrungsexpertise zu verbinden. Der Anteil des im Studium vermittelten Marketingwissens ist vernachl\u00e4ssigbar gering. Der Anteil des Wissens \u00fcber Selbstf\u00fchrung, der an der Hochschule vermittelt wird, geht h\u00e4ufig gegen Null. Von der Vermittlung der Anforderungen, derer es bedarf, wenn man ein eigenes Ingenieurb\u00fcro oder eine eigene Ingenieurgesellschaft f\u00fchrt, ganz zu schweigen.<\/p>\n<p>Wachstum beginnt im Kopf. Es beginnt bei einer entsprechenden Einstellung zu eigenem Wert, Nutzen, Selbstf\u00fchrung, Anspruch und auch zu Marketing. Wachstum entsteht, wenn Sie nicht l\u00e4nger das bestgeh\u00fctete Geheimnis sind und wenn Sie die Grundlage geschaffen haben, dass Ihr Unternehmen, Ihr Ingenieurb\u00fcro, floriert.<\/p>\n<h3>Dies ist ein Tag f\u00fcr Sie. Was nehmen Sie mit?<\/h3>\n<p>In diesem eint\u00e4gigen Power-Tag f\u00fcr beratende Ingenieure lernen Sie unter anderem folgendes:<\/p>\n<ul>\n<li>Warum Zeitmanagement grunds\u00e4tzlich unzureichend ist<\/li>\n<li>Wie wirksame Ziele entstehen<\/li>\n<li>Wie Ziele, Wertaussage und Ma\u00dfnahmen miteinander in Verbindung stehen<\/li>\n<li>Wie Sie aus der \u201eSchuld und Recht\u201c-Falle herauskommen<\/li>\n<li>Worauf Sie achten m\u00fcssen, wenn Sie mit neuen Kunden sprechen<\/li>\n<li>Warum es wichtig ist, Vordenker zu sein und wie Sie sich auf den Weg dahin machen k\u00f6nnen<\/li>\n<li>Wie Sie sich und Ihre Mitarbeiter in einen Wachstumsmodus bringen<\/li>\n<\/ul>\n<p>&#8230; und vieles mehr.<\/p>\n<p>Profitieren Sie von &#8222;Really Early Bird&#8220;-Konditionen bis zum 30. Juni 2013. Weitere Informationen <a href=\"\/menu\/leistungen\/workshops\/power-tag-fur-beratende-ingenieure\/\">auf unserer Website<\/a> oder <a href=\"\/shop\/Special-Power-Tag-fuer-beratende-Ingenieure\/\">in unserem Shop<\/a><\/p>\n","protected":false},"excerpt":{"rendered":"<p>Ich veranstalte genau einmal in diesem Jahr einen &#8222;Power-Tag&#8220;, speziell f\u00fcr beratende Ingenieure: 30. Oktober 2013, 10.00 bis 17.00 Uhr K\u00f6ln, der genaue Veranstaltungsort wird noch bekanntgegeben Beratende Ingenieure sind meist hochkar\u00e4tige Experten in ihrem Fachgebiet. Die Kraft aus dieser Fachexpertise kommt aber nur dann richtig auf die Stra\u00dfe, wenn es gelingt, Fach-, Marketing- und [&hellip;]<\/p>\n","protected":false},"author":3,"featured_media":0,"comment_status":"open","ping_status":"open","sticky":false,"template":"","format":"standard","meta":[],"categories":[34,54],"tags":[279,881,959,1091,1707,1751,1800,2004,2007],"_links":{"self":[{"href":"https:\/\/mandat.de\/de\/wp-json\/wp\/v2\/posts\/8592"}],"collection":[{"href":"https:\/\/mandat.de\/de\/wp-json\/wp\/v2\/posts"}],"about":[{"href":"https:\/\/mandat.de\/de\/wp-json\/wp\/v2\/types\/post"}],"author":[{"embeddable":true,"href":"https:\/\/mandat.de\/de\/wp-json\/wp\/v2\/users\/3"}],"replies":[{"embeddable":true,"href":"https:\/\/mandat.de\/de\/wp-json\/wp\/v2\/comments?post=8592"}],"version-history":[{"count":0,"href":"https:\/\/mandat.de\/de\/wp-json\/wp\/v2\/posts\/8592\/revisions"}],"wp:attachment":[{"href":"https:\/\/mandat.de\/de\/wp-json\/wp\/v2\/media?parent=8592"}],"wp:term":[{"taxonomy":"category","embeddable":true,"href":"https:\/\/mandat.de\/de\/wp-json\/wp\/v2\/categories?post=8592"},{"taxonomy":"post_tag","embeddable":true,"href":"https:\/\/mandat.de\/de\/wp-json\/wp\/v2\/tags?post=8592"}],"curies":[{"name":"wp","href":"https:\/\/api.w.org\/{rel}","templated":true}]}}