{"id":8763,"date":"2013-07-15T07:00:15","date_gmt":"2013-07-15T05:00:15","guid":{"rendered":"http:\/\/www.mandat.de\/de\/?p=8763"},"modified":"2013-07-15T07:00:15","modified_gmt":"2013-07-15T05:00:15","slug":"mandat-wachstums-wochenstart-64-wecken-sie-interesse","status":"publish","type":"post","link":"https:\/\/mandat.de\/de\/mandat-wachstums-wochenstart-64-wecken-sie-interesse\/","title":{"rendered":"Mandat Wachstums-Wochenstart #64: Wecken Sie Interesse"},"content":{"rendered":"<p>Ihr Fokus in dieser Woche: Wecken Sie Interesse bei Ihren Mitarbeitern.<\/p>\n<p>Ich stelle immer wieder fest, dass es in vielen Arbeitsumgebungen, unabh\u00e4ngig davon, ob es sich um Unternehmen oder Non-Profits handelt, fast ausschlie\u00dflich um den Gegenstand der Arbeit geht. Nicht, dass ich bef\u00fcrworten w\u00fcrde, dass man die Arbeitszeit zum Plaudern \u00fcber Belangloses nutzen solle, aber auch in der Pausenzeit geht es oft fast ausschlie\u00dflich um &#8222;Arbeit&#8220;. Das ist schade, denn das Gespr\u00e4ch \u00fcber Dinge au\u00dferhalb von &#8222;Arbeit&#8220; bereichert nicht nur die eigene Sichtweise, sondern es st\u00e4rkt auch das Beziehungsgeflecht im Unternehmen.<\/p>\n<p>Ermuntern Sie in dieser Woche Ihre Mitarbeiter, in den Pausen, in der Teek\u00fcche, auf dem Flur, auch \u00fcber andere Dinge als &#8222;Arbeit&#8220; zu sprechen. Regen Sie Gespr\u00e4che an: Wie ist Eure Sicht auf Europa? Wie ist Eure Meinung zur neuen Position, die Papst Franziskus einnimmt? Welche Erkenntnisse erhoffen wir uns davon, dass die Raumsonde Voyager bald die Grenzen unseres Sonnensystems erreicht? Welche Auswirkungen hat &#8230;? &#8211; Sie wissen, was ich meine.<\/p>\n<p>Arbeit und Leistung in Ehren, aber mit Interesse \u00fcber den Tellerrand hinaus wird es eben noch spannender.<\/p>\n<p>(c) 2013, <a href=\"\/menu\/ueberuns\/team\/prof-dr-guido-quelle\/\"> Prof. Dr. Guido Quelle<\/a>, Mandat Managementberatung GmbH<\/p>\n","protected":false},"excerpt":{"rendered":"<p>Ihr Fokus in dieser Woche: Wecken Sie Interesse bei Ihren Mitarbeitern. Ich stelle immer wieder fest, dass es in vielen Arbeitsumgebungen, unabh\u00e4ngig davon, ob es sich um Unternehmen oder Non-Profits handelt, fast ausschlie\u00dflich um den Gegenstand der Arbeit geht. Nicht, dass ich bef\u00fcrworten w\u00fcrde, dass man die Arbeitszeit zum Plaudern \u00fcber Belangloses nutzen solle, aber [&hellip;]<\/p>\n","protected":false},"author":3,"featured_media":0,"comment_status":"open","ping_status":"open","sticky":false,"template":"","format":"standard","meta":[],"categories":[62],"tags":[959,1110,1401,1409,1673,1707,1797,1800,2213,2437,2482],"_links":{"self":[{"href":"https:\/\/mandat.de\/de\/wp-json\/wp\/v2\/posts\/8763"}],"collection":[{"href":"https:\/\/mandat.de\/de\/wp-json\/wp\/v2\/posts"}],"about":[{"href":"https:\/\/mandat.de\/de\/wp-json\/wp\/v2\/types\/post"}],"author":[{"embeddable":true,"href":"https:\/\/mandat.de\/de\/wp-json\/wp\/v2\/users\/3"}],"replies":[{"embeddable":true,"href":"https:\/\/mandat.de\/de\/wp-json\/wp\/v2\/comments?post=8763"}],"version-history":[{"count":0,"href":"https:\/\/mandat.de\/de\/wp-json\/wp\/v2\/posts\/8763\/revisions"}],"wp:attachment":[{"href":"https:\/\/mandat.de\/de\/wp-json\/wp\/v2\/media?parent=8763"}],"wp:term":[{"taxonomy":"category","embeddable":true,"href":"https:\/\/mandat.de\/de\/wp-json\/wp\/v2\/categories?post=8763"},{"taxonomy":"post_tag","embeddable":true,"href":"https:\/\/mandat.de\/de\/wp-json\/wp\/v2\/tags?post=8763"}],"curies":[{"name":"wp","href":"https:\/\/api.w.org\/{rel}","templated":true}]}}