{"id":9085,"date":"2013-09-13T07:00:10","date_gmt":"2013-09-13T05:00:10","guid":{"rendered":"http:\/\/www.mandat.de\/de\/?p=9085"},"modified":"2013-09-13T07:00:10","modified_gmt":"2013-09-13T05:00:10","slug":"10-internationales-marken-kolloquium-marke-auf-der-hohe-der-zeit-tag-2","status":"publish","type":"post","link":"https:\/\/mandat.de\/de\/10-internationales-marken-kolloquium-marke-auf-der-hohe-der-zeit-tag-2\/","title":{"rendered":"10. Internationales Marken-Kolloquium &#8222;Marke &#8211; Auf der H\u00f6he der Zeit&#8220;, Tag 2"},"content":{"rendered":"<p>Nach einem fulminanten ersten Tag gesterm, gekr\u00f6nt von der Verleihung des Awards des Internationalen Marken-Kolloquiums an Prof. G\u00f6tz W. Werner f\u00fcr den Aufbau und die Entwicklung von dm Drogeriermarkt als branchendefinierende Marke, im Rahmen des festlichen Dinners auf Gut Ising, stehen heute gleich f\u00fcnf Top-Vortr\u00e4ge auf dem Programm:<\/p>\n<ul>\n<li>Martin Hampe, Alleingesch\u00e4ftsf\u00fchrer der Steiff Beteiligungs-GmbH: &#8222;133 Jahre Steiff &#8211; Im Wandel mit der Zeit&#8220;<\/li>\n<li>Erich Sixt, Vorsitzender des Vorstandes der Sixt AG: &#8222;Vom Familienunternehmen zum Global Player&#8220;<\/li>\n<li>Christoph Vilanek, Vorsitzender des Vorstandes der Freenet AG: &#8222;Vom Mobilfunkanbieter zum Spezialh\u00e4ndler von &#8218;Digital Lifestyle&#8216;-Produkten&#8220;<\/li>\n<li>Alexander C. Schmidt, Gesch\u00e4ftsf\u00fchrer Dyson GmbH: &#8222;Gegen den Strom: Probleme l\u00f6sen, die andere ignorieren.&#8220;<\/li>\n<li>Dr. August Markl, 1. Vizepr\u00e4sident ADAC e. V: &#8222;Die Marke &#8211; das h\u00f6chste Gut des ADAC&#8220;<\/li>\n<\/ul>\n<p>Heute Abend, wenn sich die Tore des Klosters Seeon wieder hinter dem 10. Internationalen Marken-Kolloquim schlie\u00dfen, denken wir sicher bereits an das 11. Internationale Marken-Kolloquium im Jahr 2014, denn am 18. September 2014 hei\u00dft es wieder: &#8222;Kloster, \u00f6ffne Deine Tore!&#8220; und das 11. Internationale Marken-Kolloquim unter dem Motto &#8222;Marke &#8211; Logik und Emotion&#8220; wird starten.<\/p>\n<p>Auch wenn Sie nicht live vor Ort sein k\u00f6nnen: Hier sind Sie nahezu hautnah dabei:<\/p>\n<ul>\n<li>Twitter: https:\/\/twitter.com\/MKolloquium<\/li>\n<li>Facebook: http:\/\/de-de.facebook.com\/pages\/10-Internationales-Marken-Kolloquium-2013\/388279751213173<\/li>\n<\/ul>\n<p>(c) 2013, <a href=\"\/menu\/ueberuns\/team\/prof-dr-guido-quelle\/\"> Prof. Dr. Guido Quelle<\/a>, Mandat Managementberatung GmbH<\/p>\n","protected":false},"excerpt":{"rendered":"<p>Nach einem fulminanten ersten Tag gesterm, gekr\u00f6nt von der Verleihung des Awards des Internationalen Marken-Kolloquiums an Prof. G\u00f6tz W. Werner f\u00fcr den Aufbau und die Entwicklung von dm Drogeriermarkt als branchendefinierende Marke, im Rahmen des festlichen Dinners auf Gut Ising, stehen heute gleich f\u00fcnf Top-Vortr\u00e4ge auf dem Programm: Martin Hampe, Alleingesch\u00e4ftsf\u00fchrer der Steiff Beteiligungs-GmbH: &#8222;133 [&hellip;]<\/p>\n","protected":false},"author":3,"featured_media":0,"comment_status":"open","ping_status":"open","sticky":false,"template":"","format":"standard","meta":[],"categories":[34,45,50],"tags":[69,106,126,193,204,440,582,670,806,959,1112,1216,1368,1401,1409,1425,1432,1464,1797,1800,1994,2048,2116,2437,2448,2482],"_links":{"self":[{"href":"https:\/\/mandat.de\/de\/wp-json\/wp\/v2\/posts\/9085"}],"collection":[{"href":"https:\/\/mandat.de\/de\/wp-json\/wp\/v2\/posts"}],"about":[{"href":"https:\/\/mandat.de\/de\/wp-json\/wp\/v2\/types\/post"}],"author":[{"embeddable":true,"href":"https:\/\/mandat.de\/de\/wp-json\/wp\/v2\/users\/3"}],"replies":[{"embeddable":true,"href":"https:\/\/mandat.de\/de\/wp-json\/wp\/v2\/comments?post=9085"}],"version-history":[{"count":0,"href":"https:\/\/mandat.de\/de\/wp-json\/wp\/v2\/posts\/9085\/revisions"}],"wp:attachment":[{"href":"https:\/\/mandat.de\/de\/wp-json\/wp\/v2\/media?parent=9085"}],"wp:term":[{"taxonomy":"category","embeddable":true,"href":"https:\/\/mandat.de\/de\/wp-json\/wp\/v2\/categories?post=9085"},{"taxonomy":"post_tag","embeddable":true,"href":"https:\/\/mandat.de\/de\/wp-json\/wp\/v2\/tags?post=9085"}],"curies":[{"name":"wp","href":"https:\/\/api.w.org\/{rel}","templated":true}]}}