{"id":9134,"date":"2013-10-04T07:00:06","date_gmt":"2013-10-04T05:00:06","guid":{"rendered":"http:\/\/www.mandat.de\/de\/?p=9134"},"modified":"2013-10-04T07:00:06","modified_gmt":"2013-10-04T05:00:06","slug":"die-personliche-sicht-verantwortlichkeit-bei-steuerausgaben","status":"publish","type":"post","link":"https:\/\/mandat.de\/de\/die-personliche-sicht-verantwortlichkeit-bei-steuerausgaben\/","title":{"rendered":"Die pers\u00f6nliche Sicht: Verantwortlichkeit bei Steuerausgaben"},"content":{"rendered":"<p>Roland Tichy, Chefredakteur der Wirtschaftswoche sagte vor etwa zwei Wochen in einer Fernsehsendung sinngem\u00e4\u00df, es sei ein Irrtum, anzunehmen und es unlauter, zu artikulieren, dass wir ein armer Staat seien und daher Steuererh\u00f6hungen erforderlich seien. Deutschland sei ein reicher Staat, der das ihm zur Verf\u00fcgung stehende Geld verschleudere. Der Bund der Steuerzahler wird Tichy Recht geben und das Schwarzbuch zeigt auch j\u00e4hrlich, wo das Geld verbrannt wird.<\/p>\n<p>Ich habe mir oft Gedanken dar\u00fcber gemacht, warum dies so ist und bin zu folgender Erkenntnis gelangt: Es liegt daran, dass niemand wirklich verantwortlich ist f\u00fcr die Verwendung (Verschwendung) von Steuergeldern. Ich sage damit nicht, dass niemand zust\u00e4ndig sei. Zust\u00e4ndigkeiten gibt es reichlich &#8211; wahrscheinlich auch zu viele. Nein, es geht nicht um Zust\u00e4ndigkeit, sondern um Verantwortlichkeit. Niemand kann wirklich zur Rechenschaft gezogen werden, wenn Steuergelder ganz offensichtlich verprasst werden. Es ist einfach niemand greifbar. Irgendwer hat immer irgendeinen Grund, die Absicherungsmechanismen funktionieren tadellos und am Ende des Tages ist das Geld weg und der Steuerzahler schaut mal wieder in die R\u00f6hre &#8211; was meist immer noch besser ist, als auf die Steuerabz\u00fcge auf der Lohn- oder Gehaltsabrechnung zu schauen.<\/p>\n<p>Mangelnde Verantwortlichkeit ist eines der wesentlichen \u00dcbel in der \u00f6ffentlichen Verwaltung &#8211; und auch in Unternehmen, nebenbei. Mangelnde Verantwortlichkeit f\u00fchrt zu ungen\u00fcgender Produtivit\u00e4t, zu Verschwendung, zu Dienst nach Vorschrift, zu einer Haltung, die T\u00e4tigkeit wichtiger sein l\u00e4sst, als Resultate. <\/p>\n<p>Wenn wir wirklich damit beginnen wollen, einmal abgesehen von ideologisch getriebenem Umverteilungs-Wahnsinn -, dass unsere Steuergelder wirksamer verwendet werden, m\u00fcssen wir Verantwortlichkeiten in der Verwaltung schaffen und uns nicht mit Zust\u00e4ndigkeiten zufriedengeben.<\/p>\n<p>(c) 2013, <a href=\"\/menu\/ueberuns\/team\/prof-dr-guido-quelle\/\"> Prof. Dr. Guido Quelle<\/a>, Mandat Managementberatung GmbH <\/p>\n","protected":false},"excerpt":{"rendered":"<p>Roland Tichy, Chefredakteur der Wirtschaftswoche sagte vor etwa zwei Wochen in einer Fernsehsendung sinngem\u00e4\u00df, es sei ein Irrtum, anzunehmen und es unlauter, zu artikulieren, dass wir ein armer Staat seien und daher Steuererh\u00f6hungen erforderlich seien. Deutschland sei ein reicher Staat, der das ihm zur Verf\u00fcgung stehende Geld verschleudere. Der Bund der Steuerzahler wird Tichy Recht [&hellip;]<\/p>\n","protected":false},"author":3,"featured_media":0,"comment_status":"open","ping_status":"open","sticky":false,"template":"","format":"standard","meta":[],"categories":[42],"tags":[96,385,959,1069,1401,1409,1797,1800,1912,1987,2120,2291,2342,2377,2437,2448,2482,2579,2638],"_links":{"self":[{"href":"https:\/\/mandat.de\/de\/wp-json\/wp\/v2\/posts\/9134"}],"collection":[{"href":"https:\/\/mandat.de\/de\/wp-json\/wp\/v2\/posts"}],"about":[{"href":"https:\/\/mandat.de\/de\/wp-json\/wp\/v2\/types\/post"}],"author":[{"embeddable":true,"href":"https:\/\/mandat.de\/de\/wp-json\/wp\/v2\/users\/3"}],"replies":[{"embeddable":true,"href":"https:\/\/mandat.de\/de\/wp-json\/wp\/v2\/comments?post=9134"}],"version-history":[{"count":0,"href":"https:\/\/mandat.de\/de\/wp-json\/wp\/v2\/posts\/9134\/revisions"}],"wp:attachment":[{"href":"https:\/\/mandat.de\/de\/wp-json\/wp\/v2\/media?parent=9134"}],"wp:term":[{"taxonomy":"category","embeddable":true,"href":"https:\/\/mandat.de\/de\/wp-json\/wp\/v2\/categories?post=9134"},{"taxonomy":"post_tag","embeddable":true,"href":"https:\/\/mandat.de\/de\/wp-json\/wp\/v2\/tags?post=9134"}],"curies":[{"name":"wp","href":"https:\/\/api.w.org\/{rel}","templated":true}]}}