{"id":9486,"date":"2013-11-11T07:00:42","date_gmt":"2013-11-11T06:00:42","guid":{"rendered":"http:\/\/www.mandat.de\/de\/?p=9486"},"modified":"2013-11-11T07:00:42","modified_gmt":"2013-11-11T06:00:42","slug":"mandat-wachstums-wochenstart-81-das-grose-bild","status":"publish","type":"post","link":"https:\/\/mandat.de\/de\/mandat-wachstums-wochenstart-81-das-grose-bild\/","title":{"rendered":"Mandat Wachstums-Wochenstart #81: Das gro\u00dfe Bild"},"content":{"rendered":"<p>Wohin geht Ihre Branche? Wie werden externe Faktoren Ihre Branche ver\u00e4ndern, wie werden diese Faktoren die Art, wie Sie arbeiten, ver\u00e4ndern? Alle sprechen \u00fcber den demographischen Wandel, der reduziert wird auf &#8222;wir werden alle \u00e4lter und es werden mehr \u00c4ltere&#8220;. das ist aber zu kurz gesprungen, denn die &#8222;J\u00fcngeren&#8220;, die nachkommen, haben mitunter g\u00e4nzlich andere Anforderungen, Vorstellungen, ein anderes Werteger\u00fcst, als Ihre heutigen Kunden. Dies sind aber Ihre zuk\u00fcnfitgen Kunden. Wie reagieren Sie darauf? Frauenquote, Frauen in F\u00fchrungspositionen: Wie gehen Sie damit um? Vereinbarkeit von Familie und Beruf: Wie beeinflusst das Ihr Unternehmen direkt (Mitarbeiter) und indirekt (Kunden)? Welche technologischen Entwicklungen nehmen Sie an? Wie beeinflusst das Ihr Gesch\u00e4ft?<\/p>\n<p>Zu h\u00e4ufig wird das Wort &#8222;Strategie&#8220; in den Mund genommen und es wird isoliert \u00fcber die Entwicklung eines Unternehmens gesprochen, ohne die beeinflussenden Faktoren &#8222;gesellschaftlicher Wandel&#8220;, &#8222;moralischer Wandel&#8220;, &#8222;technologischer Wandel&#8220; und weitere in Betracht zu ziehen. Hier ist mein Rat: Ziehen Sie in Ihrer n\u00e4chsten Strategieklausur das Bild gr\u00f6\u00dfer auf und schreiben Sie nicht einfach das fort, was derzeit stattfindet. Anderenfalls werden Sie von denjenigen \u00fcberholt, die das gro\u00dfe Bild vor Augen haben und Entwicklungen antizipieren &#8211; oder sogar gestalten.<\/p>\n<p>(c) 2013, <a href=\"\/menu\/ueberuns\/team\/prof-dr-guido-quelle\/\"> Prof. Dr. Guido Quelle<\/a>, Mandat Managementberatung GmbH<\/p>\n","protected":false},"excerpt":{"rendered":"<p>Wohin geht Ihre Branche? Wie werden externe Faktoren Ihre Branche ver\u00e4ndern, wie werden diese Faktoren die Art, wie Sie arbeiten, ver\u00e4ndern? Alle sprechen \u00fcber den demographischen Wandel, der reduziert wird auf &#8222;wir werden alle \u00e4lter und es werden mehr \u00c4ltere&#8220;. das ist aber zu kurz gesprungen, denn die &#8222;J\u00fcngeren&#8220;, die nachkommen, haben mitunter g\u00e4nzlich andere [&hellip;]<\/p>\n","protected":false},"author":3,"featured_media":0,"comment_status":"open","ping_status":"open","sticky":false,"template":"","format":"standard","meta":[],"categories":[62],"tags":[498,499,891,894,959,1283,1401,1409,1551,1552,1797,1800,2130,2437,2448,2482,2535],"_links":{"self":[{"href":"https:\/\/mandat.de\/de\/wp-json\/wp\/v2\/posts\/9486"}],"collection":[{"href":"https:\/\/mandat.de\/de\/wp-json\/wp\/v2\/posts"}],"about":[{"href":"https:\/\/mandat.de\/de\/wp-json\/wp\/v2\/types\/post"}],"author":[{"embeddable":true,"href":"https:\/\/mandat.de\/de\/wp-json\/wp\/v2\/users\/3"}],"replies":[{"embeddable":true,"href":"https:\/\/mandat.de\/de\/wp-json\/wp\/v2\/comments?post=9486"}],"version-history":[{"count":0,"href":"https:\/\/mandat.de\/de\/wp-json\/wp\/v2\/posts\/9486\/revisions"}],"wp:attachment":[{"href":"https:\/\/mandat.de\/de\/wp-json\/wp\/v2\/media?parent=9486"}],"wp:term":[{"taxonomy":"category","embeddable":true,"href":"https:\/\/mandat.de\/de\/wp-json\/wp\/v2\/categories?post=9486"},{"taxonomy":"post_tag","embeddable":true,"href":"https:\/\/mandat.de\/de\/wp-json\/wp\/v2\/tags?post=9486"}],"curies":[{"name":"wp","href":"https:\/\/api.w.org\/{rel}","templated":true}]}}